                       {"id":32701,"date":"2022-09-19T15:54:10","date_gmt":"2022-09-19T21:54:10","guid":{"rendered":"https:\/\/laultimapalabra.com.mx\/portal\/?p=32701"},"modified":"2024-12-11T10:36:23","modified_gmt":"2024-12-11T16:36:23","slug":"corto-circuito-incendia-parte-de-salon","status":"publish","type":"post","link":"https:\/\/laultimapalabra.com.mx\/portal\/corto-circuito-incendia-parte-de-salon\/","title":{"rendered":"Corto circuito incendia parte de sal\u00f3n"},"content":{"rendered":"<p><span style=\"font-size: 1rem;\">Ju\u00e1rez, N.L.- Madres de familia del jard\u00edn de ni\u00f1os Francisco de Quevedo y Villegas, ubicado en la colonia Colinas de San Juan, reportaron que un salon del plantel educativo sufri\u00f3 un corto circuito en uno de sus climas, estuvo a punto de incendiarse y hasta el momento, no ha sido reparado el desperfecto.<\/span><\/p>\n<p>Los peque\u00f1os desde hace tres meses se encuentran estudiando en un espacio muy peque\u00f1o habilitado en la direcci\u00f3n del plantel, con los inconvenientes que con ello conlleva en las clases diarias.<\/p>\n<p>El clamor es por los d\u00edas de calor que a\u00fan se viven y que est\u00e1n sufriendo los menores por encontrarse conglomerados en un espacio peque\u00f1o y no se palpa el apoyo de la Secretar\u00eda de Educaci\u00f3n.<\/p>\n<p>Piden se repare el desperfecto para que los menores puedan estudiar y avanzar en su preparaci\u00f3n academica en un sal\u00f3n confortable.<\/p>\n<p>&nbsp;<\/p>\n","protected":false},"excerpt":{"rendered":"<p>Ju\u00e1rez, N.L.- Madres de familia del jard\u00edn de ni\u00f1os Francisco de Quevedo y Villegas, ubicado en la colonia Colinas de San Juan, reportaron que un salon del plantel educativo sufri\u00f3 un corto circuito en uno de sus climas, estuvo a punto de incendiarse y hasta el momento, no ha sido reparado el desperfecto. Los peque\u00f1os [&hellip;]<\/p>\n","protected":false},"author":9,"featured_media":32702,"comment_status":"closed","ping_status":"closed","sticky":false,"template":"","format":"standard","meta":{"footnotes":""},"categories":[18],"tags":[3803,3590],"class_list":["post-32701","post","type-post","status-publish","format-standard","has-post-thumbnail","hentry","category-locales-juarez","tag-corto-circuito","tag-juarez-nl"],"_links":{"self":[{"href":"https:\/\/laultimapalabra.com.mx\/portal\/wp-json\/wp\/v2\/posts\/32701","targetHints":{"allow":["GET"]}}],"collection":[{"href":"https:\/\/laultimapalabra.com.mx\/portal\/wp-json\/wp\/v2\/posts"}],"about":[{"href":"https:\/\/laultimapalabra.com.mx\/portal\/wp-json\/wp\/v2\/types\/post"}],"author":[{"embeddable":true,"href":"https:\/\/laultimapalabra.com.mx\/portal\/wp-json\/wp\/v2\/users\/9"}],"replies":[{"embeddable":true,"href":"https:\/\/laultimapalabra.com.mx\/portal\/wp-json\/wp\/v2\/comments?post=32701"}],"version-history":[{"count":4,"href":"https:\/\/laultimapalabra.com.mx\/portal\/wp-json\/wp\/v2\/posts\/32701\/revisions"}],"predecessor-version":[{"id":78425,"href":"https:\/\/laultimapalabra.com.mx\/portal\/wp-json\/wp\/v2\/posts\/32701\/revisions\/78425"}],"wp:featuredmedia":[{"embeddable":true,"href":"https:\/\/laultimapalabra.com.mx\/portal\/wp-json\/wp\/v2\/media\/32702"}],"wp:attachment":[{"href":"https:\/\/laultimapalabra.com.mx\/portal\/wp-json\/wp\/v2\/media?parent=32701"}],"wp:term":[{"taxonomy":"category","embeddable":true,"href":"https:\/\/laultimapalabra.com.mx\/portal\/wp-json\/wp\/v2\/categories?post=32701"},{"taxonomy":"post_tag","embeddable":true,"href":"https:\/\/laultimapalabra.com.mx\/portal\/wp-json\/wp\/v2\/tags?post=32701"}],"curies":[{"name":"wp","href":"https:\/\/api.w.org\/{rel}","templated":true}]}}