                       {"id":3288,"date":"2018-09-02T18:37:19","date_gmt":"2018-09-02T18:37:19","guid":{"rendered":"http:\/\/laultimapalabra.info\/?p=3288"},"modified":"2024-12-11T08:37:27","modified_gmt":"2024-12-11T14:37:27","slug":"asume-epn-responsabilidad-por-gasolinazo","status":"publish","type":"post","link":"https:\/\/laultimapalabra.com.mx\/portal\/asume-epn-responsabilidad-por-gasolinazo\/","title":{"rendered":"Asume EPN responsabilidad por gasolinazo"},"content":{"rendered":"<p style=\"text-align: justify;\">Cd. de M\u00e9xico (02 septiembre 2018).- El Presidente Pe\u00f1a Nieto asumi\u00f3 su responsabilidad por el gasolinazo de enero de 2017 y la liberaci\u00f3n del precio de las gasolinas, al se\u00f1alar que la exigencia de recursos por el subsidio a los combustibles era insostenible.<\/p>\n<p style=\"text-align: justify;\"><img loading=\"lazy\" decoding=\"async\" class=\"size-medium wp-image-3289 alignright\" src=\"https:\/\/laultimapalabra.com.mx\/portal\/wp-content\/uploads\/2018\/09\/PE\u00d1A-300x200.jpg\" alt=\"\" width=\"300\" height=\"200\" \/>&#8220;Esta fue una decisi\u00f3n francamente muy dif\u00edcil; tom\u00e9 y asumo plenamente la responsabilidad que fue el haber decidido liberar el precio de la gasolina.<\/p>\n<p style=\"text-align: justify;\">O hac\u00edamos eso o habr\u00eda que haber hecho recortes en el gasto p\u00fablico, a varios programas que benefician a millones de mexicanos&#8221;, se\u00f1al\u00f3 en un video en el marco de su Sexto Informe.<\/p>\n<p style=\"text-align: justify;\">El Presidente consider\u00f3 como una inconsistencia que los m\u00e1s favorecidos con el subsidio a los combustibles fueran las personas con mayores ingresos, que representan, dijo, el 30% por ciento de la poblaci\u00f3n que consume la mayor parte de las gasolinas<\/p>\n<p>fuente: EL NORTE<\/p>\n","protected":false},"excerpt":{"rendered":"<p>Cd. de M\u00e9xico (02 septiembre 2018).- El Presidente Pe\u00f1a Nieto asumi\u00f3 su responsabilidad por el gasolinazo de enero de 2017 y la liberaci\u00f3n del precio de las gasolinas, al se\u00f1alar que la exigencia de recursos por el subsidio a los combustibles era insostenible. &#8220;Esta fue una decisi\u00f3n francamente muy dif\u00edcil; tom\u00e9 y asumo plenamente la [&hellip;]<\/p>\n","protected":false},"author":9,"featured_media":3289,"comment_status":"open","ping_status":"closed","sticky":false,"template":"","format":"standard","meta":{"footnotes":""},"categories":[19],"tags":[974,1137],"class_list":["post-3288","post","type-post","status-publish","format-standard","has-post-thumbnail","hentry","category-nacional","tag-enrique-pena-nieto","tag-gasolinazo"],"_links":{"self":[{"href":"https:\/\/laultimapalabra.com.mx\/portal\/wp-json\/wp\/v2\/posts\/3288","targetHints":{"allow":["GET"]}}],"collection":[{"href":"https:\/\/laultimapalabra.com.mx\/portal\/wp-json\/wp\/v2\/posts"}],"about":[{"href":"https:\/\/laultimapalabra.com.mx\/portal\/wp-json\/wp\/v2\/types\/post"}],"author":[{"embeddable":true,"href":"https:\/\/laultimapalabra.com.mx\/portal\/wp-json\/wp\/v2\/users\/9"}],"replies":[{"embeddable":true,"href":"https:\/\/laultimapalabra.com.mx\/portal\/wp-json\/wp\/v2\/comments?post=3288"}],"version-history":[{"count":1,"href":"https:\/\/laultimapalabra.com.mx\/portal\/wp-json\/wp\/v2\/posts\/3288\/revisions"}],"predecessor-version":[{"id":64781,"href":"https:\/\/laultimapalabra.com.mx\/portal\/wp-json\/wp\/v2\/posts\/3288\/revisions\/64781"}],"wp:featuredmedia":[{"embeddable":true,"href":"https:\/\/laultimapalabra.com.mx\/portal\/wp-json\/"}],"wp:attachment":[{"href":"https:\/\/laultimapalabra.com.mx\/portal\/wp-json\/wp\/v2\/media?parent=3288"}],"wp:term":[{"taxonomy":"category","embeddable":true,"href":"https:\/\/laultimapalabra.com.mx\/portal\/wp-json\/wp\/v2\/categories?post=3288"},{"taxonomy":"post_tag","embeddable":true,"href":"https:\/\/laultimapalabra.com.mx\/portal\/wp-json\/wp\/v2\/tags?post=3288"}],"curies":[{"name":"wp","href":"https:\/\/api.w.org\/{rel}","templated":true}]}}