                       {"id":330,"date":"2018-02-16T00:02:12","date_gmt":"2018-02-16T00:02:12","guid":{"rendered":"http:\/\/laultimapalabra.info\/?p=330"},"modified":"2024-12-11T08:36:56","modified_gmt":"2024-12-11T14:36:56","slug":"promueven-en-prepa-historia-de-cadereyta","status":"publish","type":"post","link":"https:\/\/laultimapalabra.com.mx\/portal\/promueven-en-prepa-historia-de-cadereyta\/","title":{"rendered":"Promueven en Prepa Historia de Cadereyta"},"content":{"rendered":"<p style=\"text-align: justify;\"><img loading=\"lazy\" decoding=\"async\" class=\"size-medium wp-image-332 alignleft\" src=\"https:\/\/laultimapalabra.com.mx\/portal\/wp-content\/uploads\/2018\/02\/WhatsApp-Image-2018-02-14-at-16.36-300x257.jpg\" alt=\"\" width=\"300\" height=\"257\" \/>Por: Redacci\u00f3n<br \/>\nCADEREYTA JIM\u00c9NEZ, N.L.- El pasado d\u00eda 7 de febrero se llev\u00f3 a cabo el cierre de la primera etapa de un ciclo de conferencias acerca de la historia de los diferentes municipios de nuestro estado.<br \/>\nConcluy\u00f3 este programa que habr\u00edan iniciado los cronistas de Guadalupe, San Nicol\u00e1s de los Garza, Villa de Garc\u00eda, Santa Catarina y Cadereyta Jim\u00e9nez.<br \/>\nCorrespondi\u00f3 al cronista oficial de Cadereyta, doctor Jos\u00e9 Ascenci\u00f3n Tijerina Flores, ofrecer una magistral conferencia acerca de nuestros or\u00edgenes como pueblo. Este certamen que tiene como lema: \u201cDeja tu huella\u201d de car\u00e1cter hist\u00f3rico-cultural, fue dirigido a los j\u00f3venes alumnos de la \u201cPreparatoria School Campus\u201d ubicado en el \u201cAmerican Institute of Monterrey\u201d de Santa Catarina, Nuevo Le\u00f3n que acertadamente dirige la Lic. Elizabeth Wagne de Huervo apoyada por la Lic. Melva Mart\u00ednez.<br \/>\nComplacidos maestros y estudiantes har\u00e1n su propia cr\u00f3nica de lo escuchado y ser\u00e1n calificados por renombrados jueces en la materia con atractivos premios para los triunfadores.<br \/>\nEl objetivo de este evento que organizan: El propio Instituto, \u201cLa Fundaci\u00f3n de Cultura Idelfonso V\u00e1zquez Alan\u00eds\u201d que encabeza su presidente el Lic. Jorge V\u00e1zquez y la asociaci\u00f3n de cronistas \u201cJos\u00e9 P. Salda\u00f1a\u201d de Nuevo Le\u00f3n es con el \u00fanico fin de aportar al valor de la historia de nuestros pueblos y de la cultura en general.<\/p>\n","protected":false},"excerpt":{"rendered":"<p>Por: Redacci\u00f3n CADEREYTA JIM\u00c9NEZ, N.L.- El pasado d\u00eda 7 de febrero se llev\u00f3 a cabo el cierre de la primera etapa de un ciclo de conferencias acerca de la historia de los diferentes municipios de nuestro estado. Concluy\u00f3 este programa que habr\u00edan iniciado los cronistas de Guadalupe, San Nicol\u00e1s de los Garza, Villa de Garc\u00eda, [&hellip;]<\/p>\n","protected":false},"author":9,"featured_media":332,"comment_status":"open","ping_status":"closed","sticky":false,"template":"","format":"standard","meta":{"footnotes":""},"categories":[17],"tags":[879,1196],"class_list":["post-330","post","type-post","status-publish","format-standard","has-post-thumbnail","hentry","category-locales-cadereyta","tag-dr-jose-ascencion-tijerina-flores","tag-historia-de-cadereyta"],"_links":{"self":[{"href":"https:\/\/laultimapalabra.com.mx\/portal\/wp-json\/wp\/v2\/posts\/330","targetHints":{"allow":["GET"]}}],"collection":[{"href":"https:\/\/laultimapalabra.com.mx\/portal\/wp-json\/wp\/v2\/posts"}],"about":[{"href":"https:\/\/laultimapalabra.com.mx\/portal\/wp-json\/wp\/v2\/types\/post"}],"author":[{"embeddable":true,"href":"https:\/\/laultimapalabra.com.mx\/portal\/wp-json\/wp\/v2\/users\/9"}],"replies":[{"embeddable":true,"href":"https:\/\/laultimapalabra.com.mx\/portal\/wp-json\/wp\/v2\/comments?post=330"}],"version-history":[{"count":1,"href":"https:\/\/laultimapalabra.com.mx\/portal\/wp-json\/wp\/v2\/posts\/330\/revisions"}],"predecessor-version":[{"id":63239,"href":"https:\/\/laultimapalabra.com.mx\/portal\/wp-json\/wp\/v2\/posts\/330\/revisions\/63239"}],"wp:featuredmedia":[{"embeddable":true,"href":"https:\/\/laultimapalabra.com.mx\/portal\/wp-json\/"}],"wp:attachment":[{"href":"https:\/\/laultimapalabra.com.mx\/portal\/wp-json\/wp\/v2\/media?parent=330"}],"wp:term":[{"taxonomy":"category","embeddable":true,"href":"https:\/\/laultimapalabra.com.mx\/portal\/wp-json\/wp\/v2\/categories?post=330"},{"taxonomy":"post_tag","embeddable":true,"href":"https:\/\/laultimapalabra.com.mx\/portal\/wp-json\/wp\/v2\/tags?post=330"}],"curies":[{"name":"wp","href":"https:\/\/api.w.org\/{rel}","templated":true}]}}