                       {"id":33201,"date":"2022-10-05T14:09:25","date_gmt":"2022-10-05T20:09:25","guid":{"rendered":"https:\/\/laultimapalabra.com.mx\/portal\/?p=33201"},"modified":"2024-12-11T10:40:09","modified_gmt":"2024-12-11T16:40:09","slug":"ningun-integrante-de-las-fa-busca-contender-por-la-presidencia-amlo","status":"publish","type":"post","link":"https:\/\/laultimapalabra.com.mx\/portal\/ningun-integrante-de-las-fa-busca-contender-por-la-presidencia-amlo\/","title":{"rendered":"Ning\u00fan integrante de las FA busca contender por la Presidencia: AMLO"},"content":{"rendered":"<p><span style=\"font-size: 1rem;\">CDMX.- El presidente Andr\u00e9s Manuel L\u00f3pez Obrador descart\u00f3 que alg\u00fan integrante de las Fuerzas Armadas busque contender por la Presidencia de la Rep\u00fablica y se pronunci\u00f3 en contra de que haya una autoridad militar en cargos de este tipo. El Ej\u00e9rcito, dijo, es \u201cleal al gobierno civil, legal, y democr\u00e1ticamente constituido\u201d.<\/span><\/p>\n<p>\u201cYo no creo que debe de haber autoridad militar, pero eso es totalmente distinto a lo que estamos haciendo: el mando civil y tenemos la fortuna de contar con Fuerzas Armadas profesionales, disciplinadas, leales, que surgen de un movimiento revolucionario y que pertenecen al pueblo y no a la oligarqu\u00eda, y no quiero desaprovechar todo ese apoyo que significa contar con las fuerzas armadas, que adem\u00e1s por ley tienen como misi\u00f3n contribuir al desarrollo del pa\u00eds, y tambi\u00e9n, desde luego proteger a la poblaci\u00f3n en caso de desastres\u201d, indic\u00f3.<\/p>\n<p>A la vez, subray\u00f3 que el apoyo que ha contado de las Fuerzas Armadas para distintas labores, por lo que \u201ces una dicha enorme, es un gran apoyo el contar con estas instituciones\u201d, pero insisti\u00f3 que \u201cellos tienen una formaci\u00f3n distinta, no es como otros ej\u00e9rcitos\u201d.<\/p>\n<p>Consultado en su conferencia de prensa sobre si, ante su respaldo al Ej\u00e9rcito para encabezar distintos proyectos prioritarios del gobierno federal, ve la posibilidad de un abanderado presidencial militar, L\u00f3pez Obrador respondi\u00f3: \u201cNo, no. Yo soy juarista y Ju\u00e1rez siempre separ\u00f3 el poder militar del poder civil, as\u00ed como separ\u00f3 el poder eclesi\u00e1stico del poder civil. En \u00e9ste \u00faltimo caso porque a dios lo que es de dios y al C\u00e9sar lo que es de C\u00e9sar; y Ju\u00e1rez era civilista, y su civilismo no s\u00f3lo era te\u00f3rico, \u00e9l vivi\u00f3 los abusos del autoritarismo militar\u201d.<\/p>\n<p>FUENTE: LA JORNADA<\/p>\n","protected":false},"excerpt":{"rendered":"<p>CDMX.- El presidente Andr\u00e9s Manuel L\u00f3pez Obrador descart\u00f3 que alg\u00fan integrante de las Fuerzas Armadas busque contender por la Presidencia de la Rep\u00fablica y se pronunci\u00f3 en contra de que haya una autoridad militar en cargos de este tipo. El Ej\u00e9rcito, dijo, es \u201cleal al gobierno civil, legal, y democr\u00e1ticamente constituido\u201d. \u201cYo no creo que [&hellip;]<\/p>\n","protected":false},"author":9,"featured_media":33202,"comment_status":"closed","ping_status":"closed","sticky":false,"template":"","format":"standard","meta":{"footnotes":""},"categories":[19],"tags":[133],"class_list":["post-33201","post","type-post","status-publish","format-standard","has-post-thumbnail","hentry","category-nacional","tag-andres-manuel-lopez-obrador"],"_links":{"self":[{"href":"https:\/\/laultimapalabra.com.mx\/portal\/wp-json\/wp\/v2\/posts\/33201","targetHints":{"allow":["GET"]}}],"collection":[{"href":"https:\/\/laultimapalabra.com.mx\/portal\/wp-json\/wp\/v2\/posts"}],"about":[{"href":"https:\/\/laultimapalabra.com.mx\/portal\/wp-json\/wp\/v2\/types\/post"}],"author":[{"embeddable":true,"href":"https:\/\/laultimapalabra.com.mx\/portal\/wp-json\/wp\/v2\/users\/9"}],"replies":[{"embeddable":true,"href":"https:\/\/laultimapalabra.com.mx\/portal\/wp-json\/wp\/v2\/comments?post=33201"}],"version-history":[{"count":2,"href":"https:\/\/laultimapalabra.com.mx\/portal\/wp-json\/wp\/v2\/posts\/33201\/revisions"}],"predecessor-version":[{"id":78670,"href":"https:\/\/laultimapalabra.com.mx\/portal\/wp-json\/wp\/v2\/posts\/33201\/revisions\/78670"}],"wp:featuredmedia":[{"embeddable":true,"href":"https:\/\/laultimapalabra.com.mx\/portal\/wp-json\/wp\/v2\/media\/33202"}],"wp:attachment":[{"href":"https:\/\/laultimapalabra.com.mx\/portal\/wp-json\/wp\/v2\/media?parent=33201"}],"wp:term":[{"taxonomy":"category","embeddable":true,"href":"https:\/\/laultimapalabra.com.mx\/portal\/wp-json\/wp\/v2\/categories?post=33201"},{"taxonomy":"post_tag","embeddable":true,"href":"https:\/\/laultimapalabra.com.mx\/portal\/wp-json\/wp\/v2\/tags?post=33201"}],"curies":[{"name":"wp","href":"https:\/\/api.w.org\/{rel}","templated":true}]}}