                       {"id":3328,"date":"2018-09-04T19:52:46","date_gmt":"2018-09-04T19:52:46","guid":{"rendered":"http:\/\/laultimapalabra.info\/?p=3328"},"modified":"2024-12-11T08:37:27","modified_gmt":"2024-12-11T14:37:27","slug":"niega-senado-licencia-a-manuel-velasco","status":"publish","type":"post","link":"https:\/\/laultimapalabra.com.mx\/portal\/niega-senado-licencia-a-manuel-velasco\/","title":{"rendered":"Niega Senado licencia a Manuel Velasco"},"content":{"rendered":"<p style=\"text-align: justify;\"><img loading=\"lazy\" decoding=\"async\" class=\"size-medium wp-image-3329 alignright\" src=\"https:\/\/laultimapalabra.com.mx\/portal\/wp-content\/uploads\/2018\/09\/licencia-negada-300x200.jpg\" alt=\"\" width=\"300\" height=\"200\" \/>Cd. de M\u00e9xico (04 septiembre 2018).- El Pleno del Senado rechaz\u00f3 la petici\u00f3n del legislador del PVEM Manuel Velasco para separarse del cargo y, con ello, reasumir la Gubernatura de Chiapas hasta el 8 de diciembre.<\/p>\n<p style=\"text-align: justify;\">En la primera sesi\u00f3n del periodo ordinario, los legisladores negaron la petici\u00f3n al coordinador parlamentario del partido del tuc\u00e1n.<\/p>\n<p style=\"text-align: justify;\">Mientras el Mandatario con licencia estaba en la instalaci\u00f3n de la Junta de Coordinaci\u00f3n Pol\u00edtica, el Pleno le neg\u00f3 la salida en votaci\u00f3n a mano alzada que tuvo que repetirse ante la poca participaci\u00f3n de quienes estaban en el Pleno y las dudas que gener\u00f3 una primera ronda.<\/p>\n<p style=\"text-align: justify;\">El rechazo a la licencia se concret\u00f3 luego que las legisladoras X\u00f3chitl G\u00e1lvez, del PAN, y Blanca Pi\u00f1a, de Morena, manifestaron sus cr\u00edticas a las &#8220;maniobras&#8221; legales y pol\u00edticas con las que Velasco pretend\u00eda ir y venir del Senado a la Gubernatura.<\/p>\n<p style=\"text-align: justify;\">Tras esa votaci\u00f3n, diversos legisladores tambi\u00e9n se pronunciaron en contra de otorgarle licencia al senador Jos\u00e9 Ram\u00f3n Enr\u00edquez, quien pretende regresar a concluir con su cargo como Presidente Municipal de Durango.<\/p>\n<p style=\"text-align: justify;\">&#8220;Hoy tengo un prop\u00f3sito con los ciudadanos de la capital de Durango y siempre fui claro en campa\u00f1a que terminar\u00eda mi periodo 2016 y 2019&#8221;, expres\u00f3.<\/p>\n<p style=\"text-align: justify;\">fuente: EL NORTE<\/p>\n","protected":false},"excerpt":{"rendered":"<p>Cd. de M\u00e9xico (04 septiembre 2018).- El Pleno del Senado rechaz\u00f3 la petici\u00f3n del legislador del PVEM Manuel Velasco para separarse del cargo y, con ello, reasumir la Gubernatura de Chiapas hasta el 8 de diciembre. En la primera sesi\u00f3n del periodo ordinario, los legisladores negaron la petici\u00f3n al coordinador parlamentario del partido del tuc\u00e1n. [&hellip;]<\/p>\n","protected":false},"author":9,"featured_media":3329,"comment_status":"open","ping_status":"closed","sticky":false,"template":"","format":"standard","meta":{"footnotes":""},"categories":[19],"tags":[1484,2126],"class_list":["post-3328","post","type-post","status-publish","format-standard","has-post-thumbnail","hentry","category-nacional","tag-manuel-velasco","tag-senado"],"_links":{"self":[{"href":"https:\/\/laultimapalabra.com.mx\/portal\/wp-json\/wp\/v2\/posts\/3328","targetHints":{"allow":["GET"]}}],"collection":[{"href":"https:\/\/laultimapalabra.com.mx\/portal\/wp-json\/wp\/v2\/posts"}],"about":[{"href":"https:\/\/laultimapalabra.com.mx\/portal\/wp-json\/wp\/v2\/types\/post"}],"author":[{"embeddable":true,"href":"https:\/\/laultimapalabra.com.mx\/portal\/wp-json\/wp\/v2\/users\/9"}],"replies":[{"embeddable":true,"href":"https:\/\/laultimapalabra.com.mx\/portal\/wp-json\/wp\/v2\/comments?post=3328"}],"version-history":[{"count":1,"href":"https:\/\/laultimapalabra.com.mx\/portal\/wp-json\/wp\/v2\/posts\/3328\/revisions"}],"predecessor-version":[{"id":64801,"href":"https:\/\/laultimapalabra.com.mx\/portal\/wp-json\/wp\/v2\/posts\/3328\/revisions\/64801"}],"wp:featuredmedia":[{"embeddable":true,"href":"https:\/\/laultimapalabra.com.mx\/portal\/wp-json\/"}],"wp:attachment":[{"href":"https:\/\/laultimapalabra.com.mx\/portal\/wp-json\/wp\/v2\/media?parent=3328"}],"wp:term":[{"taxonomy":"category","embeddable":true,"href":"https:\/\/laultimapalabra.com.mx\/portal\/wp-json\/wp\/v2\/categories?post=3328"},{"taxonomy":"post_tag","embeddable":true,"href":"https:\/\/laultimapalabra.com.mx\/portal\/wp-json\/wp\/v2\/tags?post=3328"}],"curies":[{"name":"wp","href":"https:\/\/api.w.org\/{rel}","templated":true}]}}