                       {"id":33592,"date":"2022-10-14T15:51:46","date_gmt":"2022-10-14T21:51:46","guid":{"rendered":"https:\/\/laultimapalabra.com.mx\/portal\/?p=33592"},"modified":"2024-12-11T10:40:11","modified_gmt":"2024-12-11T16:40:11","slug":"amlo-considera-idea-deshumanizada-lo-del-pacto-fiscal-de-samuel-garcia","status":"publish","type":"post","link":"https:\/\/laultimapalabra.com.mx\/portal\/amlo-considera-idea-deshumanizada-lo-del-pacto-fiscal-de-samuel-garcia\/","title":{"rendered":"AMLO considera idea deshumanizada lo del pacto fiscal de Samuel Garcia"},"content":{"rendered":"<p>El Presidente Andr\u00e9s Manuel L\u00f3pez Obrador, respondiendo a la reportera de La Ultima Palabra un cuestionamiento sobre la propuesta del gobernador de Nuevo Le\u00f3n, Samuel Garc\u00eda de proponer un nuevo pacto fiscal que aumente los ingresos de la Federaci\u00f3n de las participaciones para Nuevo le\u00f3n, dijo que \u201cEs una visi\u00f3n que se tiene y tiene que ver m\u00e1s con la propaganda, porque se piensa que as\u00ed se tiene m\u00e1s popularidad&#8221;.<\/p>\n<p>Y agreg\u00f3: \u201cN\u00famero uno; la distribuci\u00f3n del presupuesto es una f\u00f3rmula que aprueban todos los partidos. (En el Congreso de la Uni\u00f3n) y corresponde a una ley que se llama Ley de Coordinaci\u00f3n Fiscal Federal, una Ley para decidir de las participaciones federales\u201d.<\/p>\n<p>Y continuo explicando: \u201cEntonces se toma en cuenta lo que ingresa de cada Estado, la Poblaci\u00f3n de cada Estado, y se toma en cuenta tambi\u00e9n, una f\u00f3rmula (basada) en La Pobreza que hay en cada Estado\u201d.<\/p>\n<p>Dijo adem\u00e1s que \u201cEntonces la gente del Norte que tiene mejor situaci\u00f3n econ\u00f3mica es muy solidaria y sabe, porque son cristianos, son cat\u00f3licos o evang\u00e9licos la mayor\u00eda o libres pensadores, que practican el principio del Amor al pr\u00f3jimo y saben que hay que ayudar m\u00e1s a quien lo necesita m\u00e1s; No son ego\u00edstas, no le dan la espalda al que sufre. Entonces esta f\u00f3rmula tiene que ver con eso\u201d.<\/p>\n<p>Y se\u00f1al\u00f3 tambi\u00e9n \u201cpero el individualista que est\u00e1 pensando nada m\u00e1s en \u00e9l, que no piensa en sus semejantes, que no le tiene amor al pr\u00f3jimo, pues tiene una idea muy deshumanizada de las cosas\u201d.<\/p>\n<p>L\u00f3pez Obrador, sugiri\u00f3 no preocuparse por esta propuesta que aparentemente definir\u00e1 -si es que la presenta el gobernador de Nuevo Le\u00f3n- el propio Congreso de la Uni\u00f3n a trav\u00e9s de sus Diputados, cuya mayor\u00eda son Morenistas.<\/p>\n<p>FUENTE: LA \u00daLTIMA PALABRA<\/p>\n<p>FOTO : CORTESIA DEL GRAFICO<\/p>\n<p>&nbsp;<\/p>\n","protected":false},"excerpt":{"rendered":"<p>El Presidente Andr\u00e9s Manuel L\u00f3pez Obrador, respondiendo a la reportera de La Ultima Palabra un cuestionamiento sobre la propuesta del gobernador de Nuevo Le\u00f3n, Samuel Garc\u00eda de proponer un nuevo pacto fiscal que aumente los ingresos de la Federaci\u00f3n de las participaciones para Nuevo le\u00f3n, dijo que \u201cEs una visi\u00f3n que se tiene y tiene [&hellip;]<\/p>\n","protected":false},"author":9,"featured_media":33593,"comment_status":"closed","ping_status":"closed","sticky":false,"template":"","format":"standard","meta":{"footnotes":""},"categories":[15],"tags":[124,4831],"class_list":["post-33592","post","type-post","status-publish","format-standard","has-post-thumbnail","hentry","category-estado","tag-amlo","tag-idea-deshumanizada"],"_links":{"self":[{"href":"https:\/\/laultimapalabra.com.mx\/portal\/wp-json\/wp\/v2\/posts\/33592","targetHints":{"allow":["GET"]}}],"collection":[{"href":"https:\/\/laultimapalabra.com.mx\/portal\/wp-json\/wp\/v2\/posts"}],"about":[{"href":"https:\/\/laultimapalabra.com.mx\/portal\/wp-json\/wp\/v2\/types\/post"}],"author":[{"embeddable":true,"href":"https:\/\/laultimapalabra.com.mx\/portal\/wp-json\/wp\/v2\/users\/9"}],"replies":[{"embeddable":true,"href":"https:\/\/laultimapalabra.com.mx\/portal\/wp-json\/wp\/v2\/comments?post=33592"}],"version-history":[{"count":4,"href":"https:\/\/laultimapalabra.com.mx\/portal\/wp-json\/wp\/v2\/posts\/33592\/revisions"}],"predecessor-version":[{"id":78841,"href":"https:\/\/laultimapalabra.com.mx\/portal\/wp-json\/wp\/v2\/posts\/33592\/revisions\/78841"}],"wp:featuredmedia":[{"embeddable":true,"href":"https:\/\/laultimapalabra.com.mx\/portal\/wp-json\/wp\/v2\/media\/33593"}],"wp:attachment":[{"href":"https:\/\/laultimapalabra.com.mx\/portal\/wp-json\/wp\/v2\/media?parent=33592"}],"wp:term":[{"taxonomy":"category","embeddable":true,"href":"https:\/\/laultimapalabra.com.mx\/portal\/wp-json\/wp\/v2\/categories?post=33592"},{"taxonomy":"post_tag","embeddable":true,"href":"https:\/\/laultimapalabra.com.mx\/portal\/wp-json\/wp\/v2\/tags?post=33592"}],"curies":[{"name":"wp","href":"https:\/\/api.w.org\/{rel}","templated":true}]}}