                       {"id":33650,"date":"2022-10-17T15:18:50","date_gmt":"2022-10-17T21:18:50","guid":{"rendered":"https:\/\/laultimapalabra.com.mx\/portal\/?p=33650"},"modified":"2024-12-11T10:40:11","modified_gmt":"2024-12-11T16:40:11","slug":"se-enfrentan-problemas-en-tramo-tulum-escarcega-del-tren-maya-amlo","status":"publish","type":"post","link":"https:\/\/laultimapalabra.com.mx\/portal\/se-enfrentan-problemas-en-tramo-tulum-escarcega-del-tren-maya-amlo\/","title":{"rendered":"Se enfrentan problemas en tramo Tulum-Esc\u00e1rcega del tren maya: AMLO"},"content":{"rendered":"<p>CDMX.- Si bien se ha logrado ya liberar de todos los conflictos legales en los primeros mil kil\u00f3metros del recorrido del Tren Maya, el presidente Andr\u00e9s Manuel L\u00f3pez Obrador sostuvo que a\u00fan se enfrentan problemas en el tramo de Tulum hasta Esc\u00e1rcega como reminiscencias, dijo, de la corrupci\u00f3n de anta\u00f1o. Asever\u00f3 que en esta etapa que construir\u00e1n los ingenieros militares, pasa por unas tierras en donde dirigentes ejidales han amagado que si no les pagan una indemnizaci\u00f3n que les adeudan, no permitir\u00e1n la obra.<\/p>\n<p>L\u00f3pez Obrador insisti\u00f3 en que la construcci\u00f3n del Tren Maya \u201ces la obra que se est\u00e1 construyendo actualmente m\u00e1s grande del mundo y va a detonar todo el desarrollo. \u201cEstamos hablando de que este a\u00f1o vamos a tener r\u00e9cord de turistas que van a visitar Canc\u00fan y la Riviera Maya. Como 26 o 27 millones de turistas, como nunca. Incluso se est\u00e1 esperando que noviembre, diciembre, enero, est\u00e9 lleno.<\/p>\n<p>Se\u00f1al\u00f3 que se pretende inaugurarlo en diciembre de 2023, para que antes de que concluya su sexenio, en septiembre de 2024, se tenga ese periodo para tener un crecimiento paulatino de la operaci\u00f3n, como ha sucedido en el Aeropuerto Internacional Felipe \u00c1ngeles.<\/p>\n<p>FUENTE: LA JORNADA<\/p>\n","protected":false},"excerpt":{"rendered":"<p>CDMX.- Si bien se ha logrado ya liberar de todos los conflictos legales en los primeros mil kil\u00f3metros del recorrido del Tren Maya, el presidente Andr\u00e9s Manuel L\u00f3pez Obrador sostuvo que a\u00fan se enfrentan problemas en el tramo de Tulum hasta Esc\u00e1rcega como reminiscencias, dijo, de la corrupci\u00f3n de anta\u00f1o. Asever\u00f3 que en esta etapa [&hellip;]<\/p>\n","protected":false},"author":9,"featured_media":33651,"comment_status":"closed","ping_status":"closed","sticky":false,"template":"","format":"standard","meta":{"footnotes":""},"categories":[19],"tags":[124,4841],"class_list":["post-33650","post","type-post","status-publish","format-standard","has-post-thumbnail","hentry","category-nacional","tag-amlo","tag-se-enfrentan-problemas"],"_links":{"self":[{"href":"https:\/\/laultimapalabra.com.mx\/portal\/wp-json\/wp\/v2\/posts\/33650","targetHints":{"allow":["GET"]}}],"collection":[{"href":"https:\/\/laultimapalabra.com.mx\/portal\/wp-json\/wp\/v2\/posts"}],"about":[{"href":"https:\/\/laultimapalabra.com.mx\/portal\/wp-json\/wp\/v2\/types\/post"}],"author":[{"embeddable":true,"href":"https:\/\/laultimapalabra.com.mx\/portal\/wp-json\/wp\/v2\/users\/9"}],"replies":[{"embeddable":true,"href":"https:\/\/laultimapalabra.com.mx\/portal\/wp-json\/wp\/v2\/comments?post=33650"}],"version-history":[{"count":2,"href":"https:\/\/laultimapalabra.com.mx\/portal\/wp-json\/wp\/v2\/posts\/33650\/revisions"}],"predecessor-version":[{"id":78867,"href":"https:\/\/laultimapalabra.com.mx\/portal\/wp-json\/wp\/v2\/posts\/33650\/revisions\/78867"}],"wp:featuredmedia":[{"embeddable":true,"href":"https:\/\/laultimapalabra.com.mx\/portal\/wp-json\/wp\/v2\/media\/33651"}],"wp:attachment":[{"href":"https:\/\/laultimapalabra.com.mx\/portal\/wp-json\/wp\/v2\/media?parent=33650"}],"wp:term":[{"taxonomy":"category","embeddable":true,"href":"https:\/\/laultimapalabra.com.mx\/portal\/wp-json\/wp\/v2\/categories?post=33650"},{"taxonomy":"post_tag","embeddable":true,"href":"https:\/\/laultimapalabra.com.mx\/portal\/wp-json\/wp\/v2\/tags?post=33650"}],"curies":[{"name":"wp","href":"https:\/\/api.w.org\/{rel}","templated":true}]}}