                       {"id":33656,"date":"2022-10-17T15:30:48","date_gmt":"2022-10-17T21:30:48","guid":{"rendered":"https:\/\/laultimapalabra.com.mx\/portal\/?p=33656"},"modified":"2024-12-11T10:40:11","modified_gmt":"2024-12-11T16:40:11","slug":"inauguran-adecuacion-y-parque-lineal-en-pablo-livas","status":"publish","type":"post","link":"https:\/\/laultimapalabra.com.mx\/portal\/inauguran-adecuacion-y-parque-lineal-en-pablo-livas\/","title":{"rendered":"Inauguran adecuaci\u00f3n y parque lineal en Pablo Livas"},"content":{"rendered":"<p><span style=\"font-size: 1rem;\">Ju\u00e1rez, N.L.- Esta tarde, el alcalde de Ju\u00e1rez, Nuevo Le\u00f3n, Paco Trevi\u00f1o, el secretario de Desarrollo Urbano, Esa\u00fa Gonz\u00e1lez y un representante de la desarrolladora del fraccionamiento Balterra, cortaron el list\u00f3n inaugural de las adecuaciones viales y el parque lineal de la Prolongaci\u00f3n Pablo Livas.<\/span><\/p>\n<p>La obra se realiz\u00f3 con una inversi\u00f3n privada y consta de 700 metros lineales de parque con cuatro carriles y andador en medio, con un parque interior especial para las mascotas.<\/p>\n<p>Con esta obra se da un avance importante a la avenida Pablo Livas, en el tramo que se encuentra entre la colonia Zir\u00e1ndalo y Villaluz, por lo que ya se aproxima la conexi\u00f3n de esa importante arteria de Carretera a San mateo y Carretera a San Roque.<\/p>\n<p>&nbsp;<\/p>\n","protected":false},"excerpt":{"rendered":"<p>Ju\u00e1rez, N.L.- Esta tarde, el alcalde de Ju\u00e1rez, Nuevo Le\u00f3n, Paco Trevi\u00f1o, el secretario de Desarrollo Urbano, Esa\u00fa Gonz\u00e1lez y un representante de la desarrolladora del fraccionamiento Balterra, cortaron el list\u00f3n inaugural de las adecuaciones viales y el parque lineal de la Prolongaci\u00f3n Pablo Livas. La obra se realiz\u00f3 con una inversi\u00f3n privada y consta [&hellip;]<\/p>\n","protected":false},"author":9,"featured_media":33657,"comment_status":"closed","ping_status":"closed","sticky":false,"template":"","format":"standard","meta":{"footnotes":""},"categories":[18],"tags":[4844,1720],"class_list":["post-33656","post","type-post","status-publish","format-standard","has-post-thumbnail","hentry","category-locales-juarez","tag-inauguran-adecuacion","tag-parque-lineal"],"_links":{"self":[{"href":"https:\/\/laultimapalabra.com.mx\/portal\/wp-json\/wp\/v2\/posts\/33656","targetHints":{"allow":["GET"]}}],"collection":[{"href":"https:\/\/laultimapalabra.com.mx\/portal\/wp-json\/wp\/v2\/posts"}],"about":[{"href":"https:\/\/laultimapalabra.com.mx\/portal\/wp-json\/wp\/v2\/types\/post"}],"author":[{"embeddable":true,"href":"https:\/\/laultimapalabra.com.mx\/portal\/wp-json\/wp\/v2\/users\/9"}],"replies":[{"embeddable":true,"href":"https:\/\/laultimapalabra.com.mx\/portal\/wp-json\/wp\/v2\/comments?post=33656"}],"version-history":[{"count":2,"href":"https:\/\/laultimapalabra.com.mx\/portal\/wp-json\/wp\/v2\/posts\/33656\/revisions"}],"predecessor-version":[{"id":78871,"href":"https:\/\/laultimapalabra.com.mx\/portal\/wp-json\/wp\/v2\/posts\/33656\/revisions\/78871"}],"wp:featuredmedia":[{"embeddable":true,"href":"https:\/\/laultimapalabra.com.mx\/portal\/wp-json\/wp\/v2\/media\/33657"}],"wp:attachment":[{"href":"https:\/\/laultimapalabra.com.mx\/portal\/wp-json\/wp\/v2\/media?parent=33656"}],"wp:term":[{"taxonomy":"category","embeddable":true,"href":"https:\/\/laultimapalabra.com.mx\/portal\/wp-json\/wp\/v2\/categories?post=33656"},{"taxonomy":"post_tag","embeddable":true,"href":"https:\/\/laultimapalabra.com.mx\/portal\/wp-json\/wp\/v2\/tags?post=33656"}],"curies":[{"name":"wp","href":"https:\/\/api.w.org\/{rel}","templated":true}]}}