                       {"id":33937,"date":"2022-10-26T13:44:04","date_gmt":"2022-10-26T19:44:04","guid":{"rendered":"https:\/\/laultimapalabra.com.mx\/portal\/?p=33937"},"modified":"2024-12-11T10:40:13","modified_gmt":"2024-12-11T16:40:13","slug":"el-gobierno-mexicano-confirma-una-investigacion-contra-el-expresidente-felipe-calderon-por-trafico-de-armas","status":"publish","type":"post","link":"https:\/\/laultimapalabra.com.mx\/portal\/el-gobierno-mexicano-confirma-una-investigacion-contra-el-expresidente-felipe-calderon-por-trafico-de-armas\/","title":{"rendered":"El Gobierno Mexicano confirma una investigaci\u00f3n contra el ExPresidente Felipe Calder\u00f3n por tr\u00e1fico de armas"},"content":{"rendered":"<p><span style=\"font-size: 1rem;\">CdMx.- El secretario de Gobernaci\u00f3n de M\u00e9xico, Ad\u00e1n Augusto L\u00f3pez Hern\u00e1ndez, ha confirmado la existencia de una &#8220;investigaci\u00f3n internacional&#8221; en contra del expresidente mexicano Felipe Calder\u00f3n por presunto tr\u00e1fico de armas.\u00a0<\/span><\/p>\n<p>Seg\u00fan ha detallado L\u00f3pez Hern\u00e1ndez, la investigaci\u00f3n est\u00e1 relacionada con la operaci\u00f3n &#8216;R\u00e1pido y Furioso&#8217; mediante la cual Estados Unidos, a trav\u00e9s de la Agencia de Alcohol, Tabaco, Armas de Fuego y Explosivos (ATF), introdujo de manera deliberada unas 2.500 armas de fuego con el objetivo de identificar y detener a compradores y distribuidores.<\/p>\n<p>El representante mexicano ha acusado al expresidente Calder\u00f3n y su equipo m\u00e1s cercano de haber &#8220;ba\u00f1ado de sangre al pa\u00eds&#8221; y haber terminado su mandato convertido en &#8220;traficante de armas&#8221;, seg\u00fan recoge el diario mexicano &#8216;La Jornada&#8217;.<\/p>\n<p>Dijo tambi\u00e9n L\u00f3pez Hern\u00e1ndez que cuando hablamos de compra de armamento, todo mundo recuerda c\u00f3mo en la \u00e9poca de Calder\u00f3n, no s\u00f3lo se militariz\u00f3 al pa\u00eds sino que, en el colmo de la desverg\u00fcenza, \u00e9l y su gobierno terminaron convertidos en traficantes de armas, concluy\u00f3 el Secretario de Gobernaci\u00f3n Mexicano.<\/p>\n<p>Ante esta declaraci\u00f3n el ex Presidente Felipe Calder\u00f3n neg\u00f3 que hubiera investigaci\u00f3n internacional alguna en su contra.<\/p>\n<p>FUENTE: AGENCIAS \/ LA JORNADA<\/p>\n","protected":false},"excerpt":{"rendered":"<p>CdMx.- El secretario de Gobernaci\u00f3n de M\u00e9xico, Ad\u00e1n Augusto L\u00f3pez Hern\u00e1ndez, ha confirmado la existencia de una &#8220;investigaci\u00f3n internacional&#8221; en contra del expresidente mexicano Felipe Calder\u00f3n por presunto tr\u00e1fico de armas.\u00a0 Seg\u00fan ha detallado L\u00f3pez Hern\u00e1ndez, la investigaci\u00f3n est\u00e1 relacionada con la operaci\u00f3n &#8216;R\u00e1pido y Furioso&#8217; mediante la cual Estados Unidos, a trav\u00e9s de la [&hellip;]<\/p>\n","protected":false},"author":9,"featured_media":33938,"comment_status":"closed","ping_status":"closed","sticky":false,"template":"","format":"standard","meta":{"footnotes":""},"categories":[19],"tags":[4907,4905,4906,4904],"class_list":["post-33937","post","type-post","status-publish","format-standard","has-post-thumbnail","hentry","category-nacional","tag-adan-augusto-lopez","tag-calderon","tag-investigacion-internacional-contra-calderon","tag-rapido-y-furioso"],"_links":{"self":[{"href":"https:\/\/laultimapalabra.com.mx\/portal\/wp-json\/wp\/v2\/posts\/33937","targetHints":{"allow":["GET"]}}],"collection":[{"href":"https:\/\/laultimapalabra.com.mx\/portal\/wp-json\/wp\/v2\/posts"}],"about":[{"href":"https:\/\/laultimapalabra.com.mx\/portal\/wp-json\/wp\/v2\/types\/post"}],"author":[{"embeddable":true,"href":"https:\/\/laultimapalabra.com.mx\/portal\/wp-json\/wp\/v2\/users\/9"}],"replies":[{"embeddable":true,"href":"https:\/\/laultimapalabra.com.mx\/portal\/wp-json\/wp\/v2\/comments?post=33937"}],"version-history":[{"count":2,"href":"https:\/\/laultimapalabra.com.mx\/portal\/wp-json\/wp\/v2\/posts\/33937\/revisions"}],"predecessor-version":[{"id":79015,"href":"https:\/\/laultimapalabra.com.mx\/portal\/wp-json\/wp\/v2\/posts\/33937\/revisions\/79015"}],"wp:featuredmedia":[{"embeddable":true,"href":"https:\/\/laultimapalabra.com.mx\/portal\/wp-json\/wp\/v2\/media\/33938"}],"wp:attachment":[{"href":"https:\/\/laultimapalabra.com.mx\/portal\/wp-json\/wp\/v2\/media?parent=33937"}],"wp:term":[{"taxonomy":"category","embeddable":true,"href":"https:\/\/laultimapalabra.com.mx\/portal\/wp-json\/wp\/v2\/categories?post=33937"},{"taxonomy":"post_tag","embeddable":true,"href":"https:\/\/laultimapalabra.com.mx\/portal\/wp-json\/wp\/v2\/tags?post=33937"}],"curies":[{"name":"wp","href":"https:\/\/api.w.org\/{rel}","templated":true}]}}