                       {"id":33985,"date":"2022-10-27T15:34:31","date_gmt":"2022-10-27T21:34:31","guid":{"rendered":"https:\/\/laultimapalabra.com.mx\/portal\/?p=33985"},"modified":"2024-12-11T10:40:14","modified_gmt":"2024-12-11T16:40:14","slug":"se-vuelve-a-propagarse-la-tuberculosis-en-el-mundo-advierte-la-oms","status":"publish","type":"post","link":"https:\/\/laultimapalabra.com.mx\/portal\/se-vuelve-a-propagarse-la-tuberculosis-en-el-mundo-advierte-la-oms\/","title":{"rendered":"Se vuelve a propagarse la tuberculosis en el mundo, advierte la OMS"},"content":{"rendered":"<p>Ginebra. La tuberculosis vuelve a propagarse en todo el mundo debido al Covid y a sus confinamientos, que limitaron las pruebas de detecci\u00f3n y el acceso a los cuidados, advirti\u00f3 el jueves la OMS, que estima que 1.6 millones de personas murieron de esa enfermedad el a\u00f1o pasado.<\/p>\n<p>Seg\u00fan el informe anual de la Organizaci\u00f3n Mundial de la Salud, 10,6 millones de personas enfermaron en 2021 de tuberculosis -causada por una bacteria que ataca principalmente a los pulmones-, un aumento de 4,5% en un a\u00f1o.<\/p>\n<p>La tasa de incidencia de la enfermedad (nuevos casos por cada 100 mil habitantes por a\u00f1o) aument\u00f3 un 3.6% entre 2020 y 2021, tras haber disminuido cerca de un 2% por a\u00f1o durante gran parte de las dos \u00faltimas d\u00e9cadas.<\/p>\n<p>A nivel regional, la tasa de incidencia aument\u00f3 entre 2020 y 2021 en todo el mundo, salvo en \u00c1frica, donde las perturbaciones de los servicios sanitarios por la pandemia de Covid-19 tuvieron un d\u00e9bil impacto en el n\u00famero de personas diagnosticadas.<\/p>\n<p>A nivel mundial, la cifra anual aproximada de muertes causadas por la tuberculosis disminuy\u00f3 entre 2005 y 2019, pero las estimaciones para 2020 y 2021 sugieren que esta tendencia se ha invertido.<\/p>\n<p>La OMS calcula que hubo 1,6 millones de muertes el a\u00f1o pasado, una vuelta al nivel de 2017. Esto representa un aumento de m\u00e1s de 14% con respecto a 2019, cuando esta enfermedad contagiosa mat\u00f3 a 1,4 millones de personas (1.5 millones en 2020).<\/p>\n<p>FUENTE: AFP \/ LA JORNADA<\/p>\n","protected":false},"excerpt":{"rendered":"<p>Ginebra. La tuberculosis vuelve a propagarse en todo el mundo debido al Covid y a sus confinamientos, que limitaron las pruebas de detecci\u00f3n y el acceso a los cuidados, advirti\u00f3 el jueves la OMS, que estima que 1.6 millones de personas murieron de esa enfermedad el a\u00f1o pasado. Seg\u00fan el informe anual de la Organizaci\u00f3n [&hellip;]<\/p>\n","protected":false},"author":9,"featured_media":33986,"comment_status":"closed","ping_status":"closed","sticky":false,"template":"","format":"standard","meta":{"footnotes":""},"categories":[16],"tags":[3733,3719,4925],"class_list":["post-33985","post","type-post","status-publish","format-standard","has-post-thumbnail","hentry","category-internacional","tag-oms","tag-pandemia","tag-tuberculosis"],"_links":{"self":[{"href":"https:\/\/laultimapalabra.com.mx\/portal\/wp-json\/wp\/v2\/posts\/33985","targetHints":{"allow":["GET"]}}],"collection":[{"href":"https:\/\/laultimapalabra.com.mx\/portal\/wp-json\/wp\/v2\/posts"}],"about":[{"href":"https:\/\/laultimapalabra.com.mx\/portal\/wp-json\/wp\/v2\/types\/post"}],"author":[{"embeddable":true,"href":"https:\/\/laultimapalabra.com.mx\/portal\/wp-json\/wp\/v2\/users\/9"}],"replies":[{"embeddable":true,"href":"https:\/\/laultimapalabra.com.mx\/portal\/wp-json\/wp\/v2\/comments?post=33985"}],"version-history":[{"count":2,"href":"https:\/\/laultimapalabra.com.mx\/portal\/wp-json\/wp\/v2\/posts\/33985\/revisions"}],"predecessor-version":[{"id":79045,"href":"https:\/\/laultimapalabra.com.mx\/portal\/wp-json\/wp\/v2\/posts\/33985\/revisions\/79045"}],"wp:featuredmedia":[{"embeddable":true,"href":"https:\/\/laultimapalabra.com.mx\/portal\/wp-json\/wp\/v2\/media\/33986"}],"wp:attachment":[{"href":"https:\/\/laultimapalabra.com.mx\/portal\/wp-json\/wp\/v2\/media?parent=33985"}],"wp:term":[{"taxonomy":"category","embeddable":true,"href":"https:\/\/laultimapalabra.com.mx\/portal\/wp-json\/wp\/v2\/categories?post=33985"},{"taxonomy":"post_tag","embeddable":true,"href":"https:\/\/laultimapalabra.com.mx\/portal\/wp-json\/wp\/v2\/tags?post=33985"}],"curies":[{"name":"wp","href":"https:\/\/api.w.org\/{rel}","templated":true}]}}