                       {"id":34188,"date":"2022-11-04T15:26:24","date_gmt":"2022-11-04T21:26:24","guid":{"rendered":"https:\/\/laultimapalabra.com.mx\/portal\/?p=34188"},"modified":"2024-12-11T10:40:15","modified_gmt":"2024-12-11T16:40:15","slug":"capturan-vecinos-a-lobo-que-merodeaba-en-valle-del-roble","status":"publish","type":"post","link":"https:\/\/laultimapalabra.com.mx\/portal\/capturan-vecinos-a-lobo-que-merodeaba-en-valle-del-roble\/","title":{"rendered":"Capturan vecinos a lobo que merodeaba en Valle del Roble"},"content":{"rendered":"<p>Cadereyta Jim\u00e9nez, N.L.- Despu\u00e9s de que varios avistamientos de un presunto lobo han sido reportados por los vecinos de la colonia Valle del Roble en el municipio de Cadereyta, la madrugada del martes uno de ellos fue capturado por los propios vecinos de esta colonia y entregado a su propietario.<\/p>\n<p>Los hechos ocurrieron en la calle Corales del sector Framboyanes de la mencionada colonia donde Edgar Omar Perez, Coordinador Operativo de Protecci\u00f3n Civil de Cadereyta di\u00f3 a conocer que el pasado lunes cuando fue reportado uno de los dos ejemplares que se encuentran perdidos en la colonia, tras varios recorridos de b\u00fasqueda, \u00e9ste fue capturado por los propios vecinos durante la madrugada del martes.<\/p>\n<p>Despu\u00e9s de esto se contact\u00f3 con el due\u00f1o de los ejemplares, quien habita en el fraccionamiento Santa Anita y quien inform\u00f3 que son dos hembras Wolf dog, una especie h\u00edbrida cuya una de sus caracter\u00edsticas es su rapidez, y que cuenta con los registros correspondientes de ambos animales.<\/p>\n<p>El funcionario municipal, advirti\u00f3 que sigue un ejemplar suelto y que aunque ignoran en que sector de la colonia podr\u00eda encontrarse, le sugieren a los vecinos mantener su distancia con ellos, pues aunque el due\u00f1o asegura que no son agresivos, pues lo ideal es mantener protocolos de seguridad y evitar intentar alimentarlos, as\u00ed como reportarlo a Ciac 828 111 04 97.<\/p>\n<p>&nbsp;<\/p>\n","protected":false},"excerpt":{"rendered":"<p>Cadereyta Jim\u00e9nez, N.L.- Despu\u00e9s de que varios avistamientos de un presunto lobo han sido reportados por los vecinos de la colonia Valle del Roble en el municipio de Cadereyta, la madrugada del martes uno de ellos fue capturado por los propios vecinos de esta colonia y entregado a su propietario. Los hechos ocurrieron en la [&hellip;]<\/p>\n","protected":false},"author":9,"featured_media":34189,"comment_status":"closed","ping_status":"closed","sticky":false,"template":"","format":"standard","meta":{"footnotes":""},"categories":[17],"tags":[3840,5004,5005,4980],"class_list":["post-34188","post","type-post","status-publish","format-standard","has-post-thumbnail","hentry","category-locales-cadereyta","tag-cadereyta-jimenez-nl","tag-captura","tag-lobo","tag-vecinos"],"_links":{"self":[{"href":"https:\/\/laultimapalabra.com.mx\/portal\/wp-json\/wp\/v2\/posts\/34188","targetHints":{"allow":["GET"]}}],"collection":[{"href":"https:\/\/laultimapalabra.com.mx\/portal\/wp-json\/wp\/v2\/posts"}],"about":[{"href":"https:\/\/laultimapalabra.com.mx\/portal\/wp-json\/wp\/v2\/types\/post"}],"author":[{"embeddable":true,"href":"https:\/\/laultimapalabra.com.mx\/portal\/wp-json\/wp\/v2\/users\/9"}],"replies":[{"embeddable":true,"href":"https:\/\/laultimapalabra.com.mx\/portal\/wp-json\/wp\/v2\/comments?post=34188"}],"version-history":[{"count":2,"href":"https:\/\/laultimapalabra.com.mx\/portal\/wp-json\/wp\/v2\/posts\/34188\/revisions"}],"predecessor-version":[{"id":79157,"href":"https:\/\/laultimapalabra.com.mx\/portal\/wp-json\/wp\/v2\/posts\/34188\/revisions\/79157"}],"wp:featuredmedia":[{"embeddable":true,"href":"https:\/\/laultimapalabra.com.mx\/portal\/wp-json\/wp\/v2\/media\/34189"}],"wp:attachment":[{"href":"https:\/\/laultimapalabra.com.mx\/portal\/wp-json\/wp\/v2\/media?parent=34188"}],"wp:term":[{"taxonomy":"category","embeddable":true,"href":"https:\/\/laultimapalabra.com.mx\/portal\/wp-json\/wp\/v2\/categories?post=34188"},{"taxonomy":"post_tag","embeddable":true,"href":"https:\/\/laultimapalabra.com.mx\/portal\/wp-json\/wp\/v2\/tags?post=34188"}],"curies":[{"name":"wp","href":"https:\/\/api.w.org\/{rel}","templated":true}]}}