                       {"id":3425,"date":"2018-09-06T22:01:11","date_gmt":"2018-09-06T22:01:11","guid":{"rendered":"http:\/\/laultimapalabra.info\/?p=3425"},"modified":"2024-12-11T08:37:28","modified_gmt":"2024-12-11T14:37:28","slug":"aumento-de-tarifas-es-arbitrario-rey","status":"publish","type":"post","link":"https:\/\/laultimapalabra.com.mx\/portal\/aumento-de-tarifas-es-arbitrario-rey\/","title":{"rendered":"\u201cAumento de tarifas es arbitrario\u201d: Rey"},"content":{"rendered":"<p style=\"text-align: justify;\"><img loading=\"lazy\" decoding=\"async\" class=\"size-medium wp-image-3426 alignleft\" src=\"https:\/\/laultimapalabra.com.mx\/portal\/wp-content\/uploads\/2018\/09\/246e13ab-55f7-4fcb-be84-ad5a41c8950d-300x300.jpg\" alt=\"\" width=\"300\" height=\"300\" \/>Ju\u00e1rez, N. L.-\u00a0El activista social Sergio Rey Gonz\u00e1lez Jardines calific\u00f3 de arbitrario el incremento que se cocina por medio del gobierno del estado.<br \/>\nEl l\u00edder y creador de Guardias Ciudadanas y Rutas Dignas para Ju\u00e1rez, mencion\u00f3 que se opondr\u00e1 al injusto aumento que golpear\u00e1 los bolsillos de la clase trabajadora.<br \/>\n\u201cLa mayor\u00eda de las centrales obreras son las concesionarias de las rutas camioneras y est\u00e1n peleando ese aumento, pero por otro lado, se dicen defensoras de los trabajadores y obreros, que son los afectados por ese aumento, as\u00ed que hay un choque de intereses\u201d, destac\u00f3 Sergio Rey.<br \/>\nArgument\u00f3 que las tarifas pretendidas oscilan en 20 pesos tarifa normal y 13 pesos tarifa especial con tarjeta Feria, un aumento muy dr\u00e1stico que no lo podr\u00e1n soportar los trabajadores de Nuevo Le\u00f3n.<br \/>\nCritic\u00f3 adem\u00e1s que el Consejo del Transporte no haya sesionado desde 2014 y que no se hayan ocupados los dos lugares que se tienen para usuarios dejando solos a centrales y concesionarios todo para manipular a su favor dicho consejo.<br \/>\nSentenci\u00f3 que junto con otros organismos se opondr\u00e1n al aumento que ya se est\u00e1 cocinando en el congreso estatal con la flamante legislatura.<br \/>\nCritic\u00f3 que no se haya cumplido con lo pactado con los consorcios que circulan en Ju\u00e1rez y el \u00e1rea metropolitana en general, advirti\u00f3 que en esta ciudad faltan muchas unidades de las que se prometieron, provocando mucha espera y camiones llenos, en perjuicio de los trabajadores y beneficios para los concesionarios.<br \/>\nDijo que espera que los diputados sean justos y no caigan en el juego de concesionarios y los funcionarios estatales del transporte, que buscan a toda costa un aumento abusivo e insensible en contra de los sectores vulnerables y lanz\u00f3 un llamado a manifestarse en contra del incremento.<\/p>\n","protected":false},"excerpt":{"rendered":"<p>Ju\u00e1rez, N. L.-\u00a0El activista social Sergio Rey Gonz\u00e1lez Jardines calific\u00f3 de arbitrario el incremento que se cocina por medio del gobierno del estado. El l\u00edder y creador de Guardias Ciudadanas y Rutas Dignas para Ju\u00e1rez, mencion\u00f3 que se opondr\u00e1 al injusto aumento que golpear\u00e1 los bolsillos de la clase trabajadora. \u201cLa mayor\u00eda de las centrales [&hellip;]<\/p>\n","protected":false},"author":9,"featured_media":3426,"comment_status":"open","ping_status":"closed","sticky":false,"template":"","format":"standard","meta":{"footnotes":""},"categories":[18],"tags":[233,2130],"class_list":["post-3425","post","type-post","status-publish","format-standard","has-post-thumbnail","hentry","category-locales-juarez","tag-aumento-en-transporte","tag-sergio-rey"],"_links":{"self":[{"href":"https:\/\/laultimapalabra.com.mx\/portal\/wp-json\/wp\/v2\/posts\/3425","targetHints":{"allow":["GET"]}}],"collection":[{"href":"https:\/\/laultimapalabra.com.mx\/portal\/wp-json\/wp\/v2\/posts"}],"about":[{"href":"https:\/\/laultimapalabra.com.mx\/portal\/wp-json\/wp\/v2\/types\/post"}],"author":[{"embeddable":true,"href":"https:\/\/laultimapalabra.com.mx\/portal\/wp-json\/wp\/v2\/users\/9"}],"replies":[{"embeddable":true,"href":"https:\/\/laultimapalabra.com.mx\/portal\/wp-json\/wp\/v2\/comments?post=3425"}],"version-history":[{"count":1,"href":"https:\/\/laultimapalabra.com.mx\/portal\/wp-json\/wp\/v2\/posts\/3425\/revisions"}],"predecessor-version":[{"id":64853,"href":"https:\/\/laultimapalabra.com.mx\/portal\/wp-json\/wp\/v2\/posts\/3425\/revisions\/64853"}],"wp:featuredmedia":[{"embeddable":true,"href":"https:\/\/laultimapalabra.com.mx\/portal\/wp-json\/"}],"wp:attachment":[{"href":"https:\/\/laultimapalabra.com.mx\/portal\/wp-json\/wp\/v2\/media?parent=3425"}],"wp:term":[{"taxonomy":"category","embeddable":true,"href":"https:\/\/laultimapalabra.com.mx\/portal\/wp-json\/wp\/v2\/categories?post=3425"},{"taxonomy":"post_tag","embeddable":true,"href":"https:\/\/laultimapalabra.com.mx\/portal\/wp-json\/wp\/v2\/tags?post=3425"}],"curies":[{"name":"wp","href":"https:\/\/api.w.org\/{rel}","templated":true}]}}