                       {"id":34564,"date":"2022-11-16T17:18:11","date_gmt":"2022-11-16T23:18:11","guid":{"rendered":"https:\/\/laultimapalabra.com.mx\/portal\/?p=34564"},"modified":"2024-12-11T10:40:18","modified_gmt":"2024-12-11T16:40:18","slug":"muere-frida-la-perrita-rescatista","status":"publish","type":"post","link":"https:\/\/laultimapalabra.com.mx\/portal\/muere-frida-la-perrita-rescatista\/","title":{"rendered":"Muere &#8220;Frida&#8221;&#8230; la perrita rescatista"},"content":{"rendered":"<p>CDMX.- La can rescatista muri\u00f3 a causa de padecimientos propios de su edad, viv\u00eda en las instalaciones del Subgrupo de Control Canino; sus \u00faltimas operaciones como canino de rescate ocurrieron en Oaxaca y en la Ciudad de M\u00e9xico, durante los terremotos de 2017.<\/p>\n<p>&nbsp;<\/p>\n","protected":false},"excerpt":{"rendered":"<p>CDMX.- La can rescatista muri\u00f3 a causa de padecimientos propios de su edad, viv\u00eda en las instalaciones del Subgrupo de Control Canino; sus \u00faltimas operaciones como canino de rescate ocurrieron en Oaxaca y en la Ciudad de M\u00e9xico, durante los terremotos de 2017. &nbsp;<\/p>\n","protected":false},"author":9,"featured_media":34565,"comment_status":"closed","ping_status":"closed","sticky":false,"template":"","format":"standard","meta":{"footnotes":""},"categories":[19],"tags":[5170,5169,5171,4269],"class_list":["post-34564","post","type-post","status-publish","format-standard","has-post-thumbnail","hentry","category-nacional","tag-canino","tag-frida","tag-marina","tag-mexico"],"_links":{"self":[{"href":"https:\/\/laultimapalabra.com.mx\/portal\/wp-json\/wp\/v2\/posts\/34564","targetHints":{"allow":["GET"]}}],"collection":[{"href":"https:\/\/laultimapalabra.com.mx\/portal\/wp-json\/wp\/v2\/posts"}],"about":[{"href":"https:\/\/laultimapalabra.com.mx\/portal\/wp-json\/wp\/v2\/types\/post"}],"author":[{"embeddable":true,"href":"https:\/\/laultimapalabra.com.mx\/portal\/wp-json\/wp\/v2\/users\/9"}],"replies":[{"embeddable":true,"href":"https:\/\/laultimapalabra.com.mx\/portal\/wp-json\/wp\/v2\/comments?post=34564"}],"version-history":[{"count":2,"href":"https:\/\/laultimapalabra.com.mx\/portal\/wp-json\/wp\/v2\/posts\/34564\/revisions"}],"predecessor-version":[{"id":79333,"href":"https:\/\/laultimapalabra.com.mx\/portal\/wp-json\/wp\/v2\/posts\/34564\/revisions\/79333"}],"wp:featuredmedia":[{"embeddable":true,"href":"https:\/\/laultimapalabra.com.mx\/portal\/wp-json\/wp\/v2\/media\/34565"}],"wp:attachment":[{"href":"https:\/\/laultimapalabra.com.mx\/portal\/wp-json\/wp\/v2\/media?parent=34564"}],"wp:term":[{"taxonomy":"category","embeddable":true,"href":"https:\/\/laultimapalabra.com.mx\/portal\/wp-json\/wp\/v2\/categories?post=34564"},{"taxonomy":"post_tag","embeddable":true,"href":"https:\/\/laultimapalabra.com.mx\/portal\/wp-json\/wp\/v2\/tags?post=34564"}],"curies":[{"name":"wp","href":"https:\/\/api.w.org\/{rel}","templated":true}]}}