                       {"id":34623,"date":"2022-11-18T16:18:43","date_gmt":"2022-11-18T22:18:43","guid":{"rendered":"https:\/\/laultimapalabra.com.mx\/portal\/?p=34623"},"modified":"2024-12-11T10:40:18","modified_gmt":"2024-12-11T16:40:18","slug":"nombra-fiscal-duro-contra-trump","status":"publish","type":"post","link":"https:\/\/laultimapalabra.com.mx\/portal\/nombra-fiscal-duro-contra-trump\/","title":{"rendered":"Nombra fiscal \u201cduro\u201d contra Trump"},"content":{"rendered":"<p>CNN) &#8212; El secretario de Justicia Merrick Garland design\u00f3 a Jack Smith como fiscal especial este viernes, para que supervise la investigaci\u00f3n de Mar-a-Lago y aspectos de la investigaci\u00f3n del 6 de enero de 2021.<\/p>\n<p>Ambas investigaciones son relativas a la conducta de Donald Trump, quien el martes anunci\u00f3 su candidatura presidencial de 2024, lo que lo convierte en un potencial rival del presidente Joe Biden.<\/p>\n<p>Smith es un exfiscal federal interino de Tennessee y tambi\u00e9n se desempe\u00f1\u00f3 como fiscal en la fiscal\u00eda federal con sede en Brooklyn. Anteriormente dirigi\u00f3 la Secci\u00f3n de Integridad P\u00fablica del Departamento de Justicia, que se encarga de los delitos electorales y las investigaciones de corrupci\u00f3n p\u00fablica.<\/p>\n<p>Desde 2018, Smith se desempe\u00f1\u00f3 como fiscal en jefe del tribunal especial de La Haya que investiga cr\u00edmenes de guerra en Kosovo, despu\u00e9s de haber trabajado anteriormente para la Corte Penal Internacional, supervisando investigaciones relativas a cr\u00edmenes de guerra.<\/p>\n<p>La designaci\u00f3n de Smith le otorga autoridad para investigar el manejo de documentos gubernamentales almacenados en Mar-a-Lago y determinar si alguna persona o entidad viol\u00f3 la ley en relaci\u00f3n con cambio de mando tras la certificaci\u00f3n del Colegio Electoral de las elecciones presidenciales de 2020, el 6 de enero de 2021.<\/p>\n<p>FUENTE : CNN<\/p>\n","protected":false},"excerpt":{"rendered":"<p>CNN) &#8212; El secretario de Justicia Merrick Garland design\u00f3 a Jack Smith como fiscal especial este viernes, para que supervise la investigaci\u00f3n de Mar-a-Lago y aspectos de la investigaci\u00f3n del 6 de enero de 2021. Ambas investigaciones son relativas a la conducta de Donald Trump, quien el martes anunci\u00f3 su candidatura presidencial de 2024, lo [&hellip;]<\/p>\n","protected":false},"author":9,"featured_media":34624,"comment_status":"closed","ping_status":"closed","sticky":false,"template":"","format":"standard","meta":{"footnotes":""},"categories":[16],"tags":[5193,5050],"class_list":["post-34623","post","type-post","status-publish","format-standard","has-post-thumbnail","hentry","category-internacional","tag-duro-contra-trump","tag-fiscal"],"_links":{"self":[{"href":"https:\/\/laultimapalabra.com.mx\/portal\/wp-json\/wp\/v2\/posts\/34623","targetHints":{"allow":["GET"]}}],"collection":[{"href":"https:\/\/laultimapalabra.com.mx\/portal\/wp-json\/wp\/v2\/posts"}],"about":[{"href":"https:\/\/laultimapalabra.com.mx\/portal\/wp-json\/wp\/v2\/types\/post"}],"author":[{"embeddable":true,"href":"https:\/\/laultimapalabra.com.mx\/portal\/wp-json\/wp\/v2\/users\/9"}],"replies":[{"embeddable":true,"href":"https:\/\/laultimapalabra.com.mx\/portal\/wp-json\/wp\/v2\/comments?post=34623"}],"version-history":[{"count":2,"href":"https:\/\/laultimapalabra.com.mx\/portal\/wp-json\/wp\/v2\/posts\/34623\/revisions"}],"predecessor-version":[{"id":79363,"href":"https:\/\/laultimapalabra.com.mx\/portal\/wp-json\/wp\/v2\/posts\/34623\/revisions\/79363"}],"wp:featuredmedia":[{"embeddable":true,"href":"https:\/\/laultimapalabra.com.mx\/portal\/wp-json\/wp\/v2\/media\/34624"}],"wp:attachment":[{"href":"https:\/\/laultimapalabra.com.mx\/portal\/wp-json\/wp\/v2\/media?parent=34623"}],"wp:term":[{"taxonomy":"category","embeddable":true,"href":"https:\/\/laultimapalabra.com.mx\/portal\/wp-json\/wp\/v2\/categories?post=34623"},{"taxonomy":"post_tag","embeddable":true,"href":"https:\/\/laultimapalabra.com.mx\/portal\/wp-json\/wp\/v2\/tags?post=34623"}],"curies":[{"name":"wp","href":"https:\/\/api.w.org\/{rel}","templated":true}]}}