                       {"id":3463,"date":"2018-09-10T18:01:59","date_gmt":"2018-09-10T18:01:59","guid":{"rendered":"http:\/\/laultimapalabra.info\/?p=3463"},"modified":"2024-12-11T08:37:29","modified_gmt":"2024-12-11T14:37:29","slug":"critica-coparmex-descentralizacion-de-amlo","status":"publish","type":"post","link":"https:\/\/laultimapalabra.com.mx\/portal\/critica-coparmex-descentralizacion-de-amlo\/","title":{"rendered":"Critica Coparmex descentralizaci\u00f3n de AMLO"},"content":{"rendered":"<div id=\"attachment_3464\" style=\"width: 310px\" class=\"wp-caption alignleft\"><img loading=\"lazy\" decoding=\"async\" aria-describedby=\"caption-attachment-3464\" class=\"size-medium wp-image-3464\" src=\"https:\/\/laultimapalabra.com.mx\/portal\/wp-content\/uploads\/2018\/09\/3964688-300x200.jpg\" alt=\"\" width=\"300\" height=\"200\" \/><p id=\"caption-attachment-3464\" class=\"wp-caption-text\">Gustavo De Hoyos, presidente de Coparmex, cuestion\u00f3 los tiempos y costos que implicar\u00edan descentralizar las dependencias federales. Foto: Luis Valle<\/p><\/div>\n<p style=\"text-align: justify;\">Cd. de M\u00e9xico (10 septiembre 2018).- El proyecto para descentralizar las dependencias del Gobierno federal ser\u00eda uno de los m\u00e1s caros de la historia de la Administraci\u00f3n p\u00fablica del Pa\u00eds, que se contradice al plan de austeridad propuesto por el Presidente electo, Andr\u00e9s Manuel L\u00f3pez Obrador, consider\u00f3 el sector patronal.<\/p>\n<p style=\"text-align: justify;\">En su comentario semanal, Gustavo de Hoyos, presidente de Coparmex, deline\u00f3 los inconvenientes de esta medida que es uno de los ejes principales del pr\u00f3ximo Gobierno.<br \/>\nNotas Relacionadas<\/p>\n<p style=\"text-align: justify;\">Seg\u00fan el Proyecto de Naci\u00f3n dado a conocer por el Presidente electo, el traslado de las secretar\u00edas a otras entidades costar\u00eda 125 mil millones de pesos, m\u00e1s 2 mil millones que se piensan invertir en estudios preliminares y otros gastos.<\/p>\n<p style=\"text-align: justify;\">&#8220;Hemos dicho con claridad que apoyaremos decididamente las medidas de austeridad republicana que ha postulado el Presidente electo y en su gran mayor\u00eda son pertinentes. Sin embargo, esta iniciativa de reubicaci\u00f3n de las dependencias federales parece contradictoria a las medidas que se emprender\u00e1n para eficientar el gasto p\u00fablico federal y podr\u00edan incluso neutralizar ahorros&#8221;, afirm\u00f3.<\/p>\n<p style=\"text-align: justify;\">El primer inconveniente que encontr\u00f3 Coparmex en contra de la descentralizaci\u00f3n de las dependencias son los tiempos y costos.<\/p>\n<p style=\"text-align: justify;\">Seg\u00fan el organismo, concretar dicha propuesta llevar\u00eda m\u00e1s de un sexenio. Otros inconvenientes ser\u00eda la selecci\u00f3n de los inmuebles y la retenci\u00f3n de capital humano.<\/p>\n<p style=\"text-align: justify;\">&#8220;Exhortamos tanto a la pr\u00f3xima Administraci\u00f3n federal como a los nuevos legisladores a que se realicen todos los estudios pertinentes, as\u00ed como el an\u00e1lisis costo-beneficio, haciendo p\u00fablicos los resultados&#8221;, se\u00f1al\u00f3 De Hoyos.<\/p>\n<p style=\"text-align: justify;\">Consider\u00f3 que por sus dimensiones, la reubicaci\u00f3n de las dependencias es un proyecto m\u00e1s trascendente que el del Nuevo Aeropuerto.<\/p>\n<p style=\"text-align: justify;\">fuente: EL NORTE<\/p>\n","protected":false},"excerpt":{"rendered":"<p>Cd. de M\u00e9xico (10 septiembre 2018).- El proyecto para descentralizar las dependencias del Gobierno federal ser\u00eda uno de los m\u00e1s caros de la historia de la Administraci\u00f3n p\u00fablica del Pa\u00eds, que se contradice al plan de austeridad propuesto por el Presidente electo, Andr\u00e9s Manuel L\u00f3pez Obrador, consider\u00f3 el sector patronal. En su comentario semanal, Gustavo [&hellip;]<\/p>\n","protected":false},"author":9,"featured_media":3464,"comment_status":"open","ping_status":"closed","sticky":false,"template":"","format":"standard","meta":{"footnotes":""},"categories":[19],"tags":[124,712,792,1176],"class_list":["post-3463","post","type-post","status-publish","format-standard","has-post-thumbnail","hentry","category-nacional","tag-amlo","tag-coparmex","tag-descentralizacion-dependencias-federales","tag-gustavo-de-hoyos"],"_links":{"self":[{"href":"https:\/\/laultimapalabra.com.mx\/portal\/wp-json\/wp\/v2\/posts\/3463","targetHints":{"allow":["GET"]}}],"collection":[{"href":"https:\/\/laultimapalabra.com.mx\/portal\/wp-json\/wp\/v2\/posts"}],"about":[{"href":"https:\/\/laultimapalabra.com.mx\/portal\/wp-json\/wp\/v2\/types\/post"}],"author":[{"embeddable":true,"href":"https:\/\/laultimapalabra.com.mx\/portal\/wp-json\/wp\/v2\/users\/9"}],"replies":[{"embeddable":true,"href":"https:\/\/laultimapalabra.com.mx\/portal\/wp-json\/wp\/v2\/comments?post=3463"}],"version-history":[{"count":1,"href":"https:\/\/laultimapalabra.com.mx\/portal\/wp-json\/wp\/v2\/posts\/3463\/revisions"}],"predecessor-version":[{"id":64873,"href":"https:\/\/laultimapalabra.com.mx\/portal\/wp-json\/wp\/v2\/posts\/3463\/revisions\/64873"}],"wp:featuredmedia":[{"embeddable":true,"href":"https:\/\/laultimapalabra.com.mx\/portal\/wp-json\/"}],"wp:attachment":[{"href":"https:\/\/laultimapalabra.com.mx\/portal\/wp-json\/wp\/v2\/media?parent=3463"}],"wp:term":[{"taxonomy":"category","embeddable":true,"href":"https:\/\/laultimapalabra.com.mx\/portal\/wp-json\/wp\/v2\/categories?post=3463"},{"taxonomy":"post_tag","embeddable":true,"href":"https:\/\/laultimapalabra.com.mx\/portal\/wp-json\/wp\/v2\/tags?post=3463"}],"curies":[{"name":"wp","href":"https:\/\/api.w.org\/{rel}","templated":true}]}}