                       {"id":34687,"date":"2022-11-21T23:30:39","date_gmt":"2022-11-22T05:30:39","guid":{"rendered":"https:\/\/laultimapalabra.com.mx\/portal\/?p=34687"},"modified":"2024-12-11T10:40:18","modified_gmt":"2024-12-11T16:40:18","slug":"cuba-de-luto-fallece-el-cantautor-pablo-milanes","status":"publish","type":"post","link":"https:\/\/laultimapalabra.com.mx\/portal\/cuba-de-luto-fallece-el-cantautor-pablo-milanes\/","title":{"rendered":"Cuba, de luto: fallece el cantautor Pablo Milan\u00e9s"},"content":{"rendered":"<p>Cd. de M\u00e9xico.- Luego de haber sido hospitalizado en Madrid a causa de una serie de infecciones, el cantautor cubano Pablo Milan\u00e9s falleci\u00f3 este lunes en Espa\u00f1a a los 79 a\u00f1os, seg\u00fan se confirm\u00f3 en la cuenta oficial de Instagram del m\u00fasico.<\/p>\n<p>&nbsp;<\/p>\n<p>&#8220;Con gran dolor y tristeza, lamentamos informar que el maestro Pablo Milan\u00e9s ha fallecido esta madrugada del 22 de noviembre (21 en M\u00e9xico) en Madrid. Agradecemos profundamente todas las muestras de cari\u00f1o y apoyo, a toda su familia y amigos, en estos momentos tan dif\u00edciles&#8221;, se lee en un comunicado de prensa.<\/p>\n<p>&nbsp;<\/p>\n<p>&#8220;Que descanse en el amor y en la paz que siempre ha transmitido. Permanecer\u00e1 eternamente en nuestra memoria&#8221;.<\/p>\n<p>&nbsp;<\/p>\n<p>El compositor y m\u00fasico padec\u00eda desde hace varios a\u00f1os una enfermedad oncohematol\u00f3gica que lo oblig\u00f3 a instalarse en Madrid a finales de 2017, con el fin de recibir tratamiento.<\/p>\n","protected":false},"excerpt":{"rendered":"<p>Cd. de M\u00e9xico.- Luego de haber sido hospitalizado en Madrid a causa de una serie de infecciones, el cantautor cubano Pablo Milan\u00e9s falleci\u00f3 este lunes en Espa\u00f1a a los 79 a\u00f1os, seg\u00fan se confirm\u00f3 en la cuenta oficial de Instagram del m\u00fasico. &nbsp; &#8220;Con gran dolor y tristeza, lamentamos informar que el maestro Pablo Milan\u00e9s [&hellip;]<\/p>\n","protected":false},"author":9,"featured_media":34688,"comment_status":"closed","ping_status":"closed","sticky":false,"template":"","format":"standard","meta":{"footnotes":""},"categories":[16],"tags":[5216,5217,5215,5214],"class_list":["post-34687","post","type-post","status-publish","format-standard","has-post-thumbnail","hentry","category-internacional","tag-cantantes","tag-fallecimiento","tag-famosos","tag-pablo-milanes"],"_links":{"self":[{"href":"https:\/\/laultimapalabra.com.mx\/portal\/wp-json\/wp\/v2\/posts\/34687","targetHints":{"allow":["GET"]}}],"collection":[{"href":"https:\/\/laultimapalabra.com.mx\/portal\/wp-json\/wp\/v2\/posts"}],"about":[{"href":"https:\/\/laultimapalabra.com.mx\/portal\/wp-json\/wp\/v2\/types\/post"}],"author":[{"embeddable":true,"href":"https:\/\/laultimapalabra.com.mx\/portal\/wp-json\/wp\/v2\/users\/9"}],"replies":[{"embeddable":true,"href":"https:\/\/laultimapalabra.com.mx\/portal\/wp-json\/wp\/v2\/comments?post=34687"}],"version-history":[{"count":2,"href":"https:\/\/laultimapalabra.com.mx\/portal\/wp-json\/wp\/v2\/posts\/34687\/revisions"}],"predecessor-version":[{"id":79395,"href":"https:\/\/laultimapalabra.com.mx\/portal\/wp-json\/wp\/v2\/posts\/34687\/revisions\/79395"}],"wp:featuredmedia":[{"embeddable":true,"href":"https:\/\/laultimapalabra.com.mx\/portal\/wp-json\/wp\/v2\/media\/34688"}],"wp:attachment":[{"href":"https:\/\/laultimapalabra.com.mx\/portal\/wp-json\/wp\/v2\/media?parent=34687"}],"wp:term":[{"taxonomy":"category","embeddable":true,"href":"https:\/\/laultimapalabra.com.mx\/portal\/wp-json\/wp\/v2\/categories?post=34687"},{"taxonomy":"post_tag","embeddable":true,"href":"https:\/\/laultimapalabra.com.mx\/portal\/wp-json\/wp\/v2\/tags?post=34687"}],"curies":[{"name":"wp","href":"https:\/\/api.w.org\/{rel}","templated":true}]}}