                       {"id":34727,"date":"2022-11-22T18:18:40","date_gmt":"2022-11-23T00:18:40","guid":{"rendered":"https:\/\/laultimapalabra.com.mx\/portal\/?p=34727"},"modified":"2024-12-11T10:40:19","modified_gmt":"2024-12-11T16:40:19","slug":"capacitan-a-policias-de-juarez-sobre-derechos-humanos","status":"publish","type":"post","link":"https:\/\/laultimapalabra.com.mx\/portal\/capacitan-a-policias-de-juarez-sobre-derechos-humanos\/","title":{"rendered":"Capacitan a polic\u00edas de Ju\u00e1rez sobre Derechos Humanos\u00a0"},"content":{"rendered":"<p><span style=\"font-size: 1rem;\">Ju\u00e1rez, N.L.- El alcalde de Ju\u00e1rez, Paco Trevi\u00f1o y el Secretario de Seguridad P\u00fablica, Adalberto Elizondo Guerrero, entregaron las constancias a los elementos de Seguridad P\u00fablica que participaron en los cursos de capacitaci\u00f3n sobre Derechos Humanos.<\/span><\/p>\n<p>El evento se desarroll\u00f3 el d\u00eda de hoy en los patios de la corporaci\u00f3n, donde se concentraron los mandos para la entrega de los documentos<img loading=\"lazy\" decoding=\"async\" class=\"alignnone size-medium wp-image-34729\" src=\"https:\/\/laultimapalabra.com.mx\/portal\/wp-content\/uploads\/2022\/11\/IMG-20221122-WA0080-300x225.jpg\" alt=\"\" width=\"300\" height=\"225\" srcset=\"https:\/\/laultimapalabra.com.mx\/portal\/wp-content\/uploads\/2022\/11\/IMG-20221122-WA0080-300x225.jpg 300w, https:\/\/laultimapalabra.com.mx\/portal\/wp-content\/uploads\/2022\/11\/IMG-20221122-WA0080-1024x768.jpg 1024w, https:\/\/laultimapalabra.com.mx\/portal\/wp-content\/uploads\/2022\/11\/IMG-20221122-WA0080-768x576.jpg 768w, https:\/\/laultimapalabra.com.mx\/portal\/wp-content\/uploads\/2022\/11\/IMG-20221122-WA0080-1536x1152.jpg 1536w, https:\/\/laultimapalabra.com.mx\/portal\/wp-content\/uploads\/2022\/11\/IMG-20221122-WA0080.jpg 1600w\" sizes=\"auto, (max-width: 300px) 100vw, 300px\" \/><\/p>\n<p>&nbsp;<\/p>\n<p>&nbsp;<\/p>\n<p>&nbsp;<\/p>\n<p>El edil juarense felicit\u00f3 a los polic\u00edas por buscar la excelencia en su trabajo y recalc\u00f3 la necesidad de tener mejores polic\u00edas y con mayor preparaci\u00f3n sobre todo en los Derechos Humanos, para no violentar las garant\u00edas de los ciudadanos.<\/p>\n","protected":false},"excerpt":{"rendered":"<p>Ju\u00e1rez, N.L.- El alcalde de Ju\u00e1rez, Paco Trevi\u00f1o y el Secretario de Seguridad P\u00fablica, Adalberto Elizondo Guerrero, entregaron las constancias a los elementos de Seguridad P\u00fablica que participaron en los cursos de capacitaci\u00f3n sobre Derechos Humanos. El evento se desarroll\u00f3 el d\u00eda de hoy en los patios de la corporaci\u00f3n, donde se concentraron los mandos [&hellip;]<\/p>\n","protected":false},"author":9,"featured_media":34728,"comment_status":"closed","ping_status":"closed","sticky":false,"template":"","format":"standard","meta":{"footnotes":""},"categories":[18],"tags":[4488,3589,5230],"class_list":["post-34727","post","type-post","status-publish","format-standard","has-post-thumbnail","hentry","category-locales-juarez","tag-capacitaciones","tag-derechos-humanos","tag-policias-de-juarez"],"_links":{"self":[{"href":"https:\/\/laultimapalabra.com.mx\/portal\/wp-json\/wp\/v2\/posts\/34727","targetHints":{"allow":["GET"]}}],"collection":[{"href":"https:\/\/laultimapalabra.com.mx\/portal\/wp-json\/wp\/v2\/posts"}],"about":[{"href":"https:\/\/laultimapalabra.com.mx\/portal\/wp-json\/wp\/v2\/types\/post"}],"author":[{"embeddable":true,"href":"https:\/\/laultimapalabra.com.mx\/portal\/wp-json\/wp\/v2\/users\/9"}],"replies":[{"embeddable":true,"href":"https:\/\/laultimapalabra.com.mx\/portal\/wp-json\/wp\/v2\/comments?post=34727"}],"version-history":[{"count":2,"href":"https:\/\/laultimapalabra.com.mx\/portal\/wp-json\/wp\/v2\/posts\/34727\/revisions"}],"predecessor-version":[{"id":79417,"href":"https:\/\/laultimapalabra.com.mx\/portal\/wp-json\/wp\/v2\/posts\/34727\/revisions\/79417"}],"wp:featuredmedia":[{"embeddable":true,"href":"https:\/\/laultimapalabra.com.mx\/portal\/wp-json\/wp\/v2\/media\/34728"}],"wp:attachment":[{"href":"https:\/\/laultimapalabra.com.mx\/portal\/wp-json\/wp\/v2\/media?parent=34727"}],"wp:term":[{"taxonomy":"category","embeddable":true,"href":"https:\/\/laultimapalabra.com.mx\/portal\/wp-json\/wp\/v2\/categories?post=34727"},{"taxonomy":"post_tag","embeddable":true,"href":"https:\/\/laultimapalabra.com.mx\/portal\/wp-json\/wp\/v2\/tags?post=34727"}],"curies":[{"name":"wp","href":"https:\/\/api.w.org\/{rel}","templated":true}]}}