                       {"id":34775,"date":"2022-11-24T12:17:54","date_gmt":"2022-11-24T18:17:54","guid":{"rendered":"https:\/\/laultimapalabra.com.mx\/portal\/?p=34775"},"modified":"2024-12-11T10:40:19","modified_gmt":"2024-12-11T16:40:19","slug":"descubren-a-26-indocumentados-en-juarez","status":"publish","type":"post","link":"https:\/\/laultimapalabra.com.mx\/portal\/descubren-a-26-indocumentados-en-juarez\/","title":{"rendered":"Descubren a 26 indocumentados en Ju\u00e1rez"},"content":{"rendered":"<p>Ju\u00e1rez, N.L.- Eran las 19:30 horas de ayer, cuando elementos de Seguridad P\u00fablica y Protecci\u00f3n Civil de Ju\u00e1rez, arribaron a la calle Vistas de Las Flores en su cruce con Vistas de Guanajuato en la colonia Vista del R\u00edo, para realizar el rescate de un grupo de migrantes.<br \/>\nEntre los 26 extranjeros hab\u00eda seis menores de edad, 14 hombres y seis mujeres de varios pa\u00edses.<br \/>\nEn el lugar, param\u00e9dicos de Protecci\u00f3n Civil revisaron el estado de salud de los indocumentados, mientras se pon\u00edan a disposici\u00f3n de las autoridades de Migraci\u00f3n.<\/p>\n<p><img loading=\"lazy\" decoding=\"async\" class=\"alignnone size-medium wp-image-34784\" src=\"https:\/\/laultimapalabra.com.mx\/portal\/wp-content\/uploads\/2022\/11\/7543d1cd-3def-495e-85f1-b2035d32bf3e-300x169.jpeg\" alt=\"\" width=\"300\" height=\"169\" srcset=\"https:\/\/laultimapalabra.com.mx\/portal\/wp-content\/uploads\/2022\/11\/7543d1cd-3def-495e-85f1-b2035d32bf3e-300x169.jpeg 300w, https:\/\/laultimapalabra.com.mx\/portal\/wp-content\/uploads\/2022\/11\/7543d1cd-3def-495e-85f1-b2035d32bf3e-1024x576.jpeg 1024w, https:\/\/laultimapalabra.com.mx\/portal\/wp-content\/uploads\/2022\/11\/7543d1cd-3def-495e-85f1-b2035d32bf3e-768x432.jpeg 768w, https:\/\/laultimapalabra.com.mx\/portal\/wp-content\/uploads\/2022\/11\/7543d1cd-3def-495e-85f1-b2035d32bf3e-1536x864.jpeg 1536w, https:\/\/laultimapalabra.com.mx\/portal\/wp-content\/uploads\/2022\/11\/7543d1cd-3def-495e-85f1-b2035d32bf3e.jpeg 1599w\" sizes=\"auto, (max-width: 300px) 100vw, 300px\" \/><\/p>\n","protected":false},"excerpt":{"rendered":"<p>Ju\u00e1rez, N.L.- Eran las 19:30 horas de ayer, cuando elementos de Seguridad P\u00fablica y Protecci\u00f3n Civil de Ju\u00e1rez, arribaron a la calle Vistas de Las Flores en su cruce con Vistas de Guanajuato en la colonia Vista del R\u00edo, para realizar el rescate de un grupo de migrantes. Entre los 26 extranjeros hab\u00eda seis menores [&hellip;]<\/p>\n","protected":false},"author":9,"featured_media":34776,"comment_status":"closed","ping_status":"closed","sticky":false,"template":"","format":"standard","meta":{"footnotes":""},"categories":[18,9],"tags":[4344,4276],"class_list":["post-34775","post","type-post","status-publish","format-standard","has-post-thumbnail","hentry","category-locales-juarez","category-seguridad-cadereyta","tag-capturados","tag-indocumentados"],"_links":{"self":[{"href":"https:\/\/laultimapalabra.com.mx\/portal\/wp-json\/wp\/v2\/posts\/34775","targetHints":{"allow":["GET"]}}],"collection":[{"href":"https:\/\/laultimapalabra.com.mx\/portal\/wp-json\/wp\/v2\/posts"}],"about":[{"href":"https:\/\/laultimapalabra.com.mx\/portal\/wp-json\/wp\/v2\/types\/post"}],"author":[{"embeddable":true,"href":"https:\/\/laultimapalabra.com.mx\/portal\/wp-json\/wp\/v2\/users\/9"}],"replies":[{"embeddable":true,"href":"https:\/\/laultimapalabra.com.mx\/portal\/wp-json\/wp\/v2\/comments?post=34775"}],"version-history":[{"count":3,"href":"https:\/\/laultimapalabra.com.mx\/portal\/wp-json\/wp\/v2\/posts\/34775\/revisions"}],"predecessor-version":[{"id":79443,"href":"https:\/\/laultimapalabra.com.mx\/portal\/wp-json\/wp\/v2\/posts\/34775\/revisions\/79443"}],"wp:featuredmedia":[{"embeddable":true,"href":"https:\/\/laultimapalabra.com.mx\/portal\/wp-json\/wp\/v2\/media\/34776"}],"wp:attachment":[{"href":"https:\/\/laultimapalabra.com.mx\/portal\/wp-json\/wp\/v2\/media?parent=34775"}],"wp:term":[{"taxonomy":"category","embeddable":true,"href":"https:\/\/laultimapalabra.com.mx\/portal\/wp-json\/wp\/v2\/categories?post=34775"},{"taxonomy":"post_tag","embeddable":true,"href":"https:\/\/laultimapalabra.com.mx\/portal\/wp-json\/wp\/v2\/tags?post=34775"}],"curies":[{"name":"wp","href":"https:\/\/api.w.org\/{rel}","templated":true}]}}