                       {"id":34797,"date":"2022-11-24T15:07:02","date_gmt":"2022-11-24T21:07:02","guid":{"rendered":"https:\/\/laultimapalabra.com.mx\/portal\/?p=34797"},"modified":"2024-12-11T10:40:19","modified_gmt":"2024-12-11T16:40:19","slug":"un-uruguayo-detenido-en-mexico-antes-de-la-tragedia-podria-ser-clave-del-caso-iguala","status":"publish","type":"post","link":"https:\/\/laultimapalabra.com.mx\/portal\/un-uruguayo-detenido-en-mexico-antes-de-la-tragedia-podria-ser-clave-del-caso-iguala\/","title":{"rendered":"Un uruguayo detenido en M\u00e9xico antes de la tragedia podr\u00eda ser clave del caso Iguala"},"content":{"rendered":"<p>Ciudad de M\u00e9xico.- Desde hace ocho a\u00f1os, un ciudadano uruguayo est\u00e1 detenido en una prisi\u00f3n de m\u00e1xima seguridad en M\u00e9xico, condenado por delitos de narcotr\u00e1fico hacia Estados Unidos. Su caso cobr\u00f3 especial relevancia en el pa\u00eds al ser vinculado con la desaparici\u00f3n de los 43 estudiantes de magisterio de la Normal Rural de Ayotzinapa. La omisi\u00f3n de su figura dilat\u00f3 la investigaci\u00f3n que conecta la masacre con el tr\u00e1fico de hero\u00edna en autobuses acondicionados, y se\u00f1ala la connivencia del Ej\u00e9rcito, la Marina, polic\u00edas y pol\u00edticos locales.<br \/>\nLa detenci\u00f3n del uruguayo es clave para desentra\u00f1ar el caso Ayotzinapa, incluso habiendo ocurrido a 200 kil\u00f3metros de distancia y dos meses antes del mayor crimen reciente de lesa humanidad del continente americano.<\/p>\n<p><img loading=\"lazy\" decoding=\"async\" class=\"alignnone size-medium wp-image-34799\" src=\"https:\/\/laultimapalabra.com.mx\/portal\/wp-content\/uploads\/2022\/11\/4102402b-dd37-439e-a4f6-0cf31671c05f-300x159.jpeg\" alt=\"\" width=\"300\" height=\"159\" srcset=\"https:\/\/laultimapalabra.com.mx\/portal\/wp-content\/uploads\/2022\/11\/4102402b-dd37-439e-a4f6-0cf31671c05f-300x159.jpeg 300w, https:\/\/laultimapalabra.com.mx\/portal\/wp-content\/uploads\/2022\/11\/4102402b-dd37-439e-a4f6-0cf31671c05f.jpeg 329w\" sizes=\"auto, (max-width: 300px) 100vw, 300px\" \/><\/p>\n<p>Gracias a la informaci\u00f3n revelada en septiembre por el Grupo Interdisciplinario de Expertos Independientes (GIEI) de la Comisi\u00f3n Interamericana de Derechos Humanos, se confirm\u00f3 que el uruguayo fue se\u00f1alado por la inteligencia mexicana y vinculado a la desaparici\u00f3n de los 43 como un antecedente que explica el motivo del ataque a los normalistas, quienes, sin saberlo, tomaron el 26 de septiembre de 2014 un autob\u00fas del transporte p\u00fablico que llevaba dinero o droga ocultos en su interior.<br \/>\nLo invitamos a leer el reportaje completo de Eliana Gilet, en el sitio SIN EMBARGO MX donde conocer\u00e1 los pormenores de la detenci\u00f3n de este uruguayo que responde al nombre de Gonzalo Mart\u00edn Souza Neves y por el que aparentemente se desat\u00f3 el infierno para los estudiantes de Ayotzinapa.<br \/>\n#ayotzinapalaverdad #uruguayocausantedemasacre #faltan43<\/p>\n","protected":false},"excerpt":{"rendered":"<p>Ciudad de M\u00e9xico.- Desde hace ocho a\u00f1os, un ciudadano uruguayo est\u00e1 detenido en una prisi\u00f3n de m\u00e1xima seguridad en M\u00e9xico, condenado por delitos de narcotr\u00e1fico hacia Estados Unidos. Su caso cobr\u00f3 especial relevancia en el pa\u00eds al ser vinculado con la desaparici\u00f3n de los 43 estudiantes de magisterio de la Normal Rural de Ayotzinapa. La [&hellip;]<\/p>\n","protected":false},"author":9,"featured_media":34801,"comment_status":"closed","ping_status":"closed","sticky":false,"template":"","format":"standard","meta":{"footnotes":""},"categories":[19],"tags":[5256,5257],"class_list":["post-34797","post","type-post","status-publish","format-standard","has-post-thumbnail","hentry","category-nacional","tag-5256","tag-43ayotzinapa"],"_links":{"self":[{"href":"https:\/\/laultimapalabra.com.mx\/portal\/wp-json\/wp\/v2\/posts\/34797","targetHints":{"allow":["GET"]}}],"collection":[{"href":"https:\/\/laultimapalabra.com.mx\/portal\/wp-json\/wp\/v2\/posts"}],"about":[{"href":"https:\/\/laultimapalabra.com.mx\/portal\/wp-json\/wp\/v2\/types\/post"}],"author":[{"embeddable":true,"href":"https:\/\/laultimapalabra.com.mx\/portal\/wp-json\/wp\/v2\/users\/9"}],"replies":[{"embeddable":true,"href":"https:\/\/laultimapalabra.com.mx\/portal\/wp-json\/wp\/v2\/comments?post=34797"}],"version-history":[{"count":2,"href":"https:\/\/laultimapalabra.com.mx\/portal\/wp-json\/wp\/v2\/posts\/34797\/revisions"}],"predecessor-version":[{"id":79451,"href":"https:\/\/laultimapalabra.com.mx\/portal\/wp-json\/wp\/v2\/posts\/34797\/revisions\/79451"}],"wp:featuredmedia":[{"embeddable":true,"href":"https:\/\/laultimapalabra.com.mx\/portal\/wp-json\/wp\/v2\/media\/34801"}],"wp:attachment":[{"href":"https:\/\/laultimapalabra.com.mx\/portal\/wp-json\/wp\/v2\/media?parent=34797"}],"wp:term":[{"taxonomy":"category","embeddable":true,"href":"https:\/\/laultimapalabra.com.mx\/portal\/wp-json\/wp\/v2\/categories?post=34797"},{"taxonomy":"post_tag","embeddable":true,"href":"https:\/\/laultimapalabra.com.mx\/portal\/wp-json\/wp\/v2\/tags?post=34797"}],"curies":[{"name":"wp","href":"https:\/\/api.w.org\/{rel}","templated":true}]}}