                       {"id":34900,"date":"2022-11-28T16:35:47","date_gmt":"2022-11-28T22:35:47","guid":{"rendered":"https:\/\/laultimapalabra.com.mx\/portal\/?p=34900"},"modified":"2024-12-11T10:40:20","modified_gmt":"2024-12-11T16:40:20","slug":"alcaldes-de-nl-ofrecen-dialogo-con-samuel-garcia","status":"publish","type":"post","link":"https:\/\/laultimapalabra.com.mx\/portal\/alcaldes-de-nl-ofrecen-dialogo-con-samuel-garcia\/","title":{"rendered":"Alcaldes de NL ofrecen di\u00e1logo con Samuel Garcia"},"content":{"rendered":"<p>Monterrey, N.L.- Los alcaldes C\u00e9sar Garza Villarreal, de Apodaca y Daniel Carrillo, de San Nicol\u00e1s de los Garza, ofrecieron un di\u00e1logo con el gobernador Samuel Garc\u00eda, luego de la creaci\u00f3n del Pacto Nuevo Le\u00f3n.<\/p>\n<p>Durante el programa Cambios, conducido por V\u00edctor Mart\u00ednez, los ediles aseguraron que est\u00e1n dispuestos a trabajar en conjunto con el mandatario, si \u00e9l pone su disposici\u00f3n.<\/p>\n<p>\u201cLos municipios lo respetamos como gobernador, pero el respeto se gana, no somos sus empleados. Si \u00e9l quiere que lo respetemos, tiene que respetarnos \u00e9l a nosotros, nunca vamos a romper la disposici\u00f3n al di\u00e1logo, aqu\u00ed est\u00e1 nuestra mano, listos para trabajar en equipo\u201d, dijo Garza Villarreal.<\/p>\n<p>Por su parte, el alcalde nicola\u00edta, Daniel Carrillo, indic\u00f3 que el Pacto Nuevo Le\u00f3n es una nueva forma de di\u00e1logo en el que se puedan cubrir las nuevas necesidades b\u00e1sicas y diarias de la ciudadan\u00eda.<\/p>\n<p>\u201c\u00bfQu\u00e9 estamos llevando a cabo? Que los 51 municipios, a trav\u00e9s de reformas, a trav\u00e9s de su misma coordinaci\u00f3n hacendaria, tengan m\u00e1s recursos, y sobre todo m\u00e1s recursos para los municipios m\u00e1s peque\u00f1os que hist\u00f3ricamente hab\u00edan estado abandonados&#8221;.<\/p>\n<p>Los alcaldes del Pacto Nuevo Le\u00f3n afirmaron que el Gobierno del Estado deber\u00e1 darles el aumento, de 20 a 30 por ciento, en las participaciones federales, dado que las reformas hacendarias ya fueron avaladas en el Congreso local y tendr\u00e1n efectos el 1 de enero de 2023 est\u00e9n publicadas o no en el Peri\u00f3dico Oficial del Estado.<\/p>\n<p>En la reuni\u00f3n tambi\u00e9n estuvieron diputados federales, como H\u00e9ctor Castillo, del PAN, e Ildelfonso Guajardo, del PRI.<\/p>\n<p>FUENTE: TELEDIARIO MX<\/p>\n","protected":false},"excerpt":{"rendered":"<p>Monterrey, N.L.- Los alcaldes C\u00e9sar Garza Villarreal, de Apodaca y Daniel Carrillo, de San Nicol\u00e1s de los Garza, ofrecieron un di\u00e1logo con el gobernador Samuel Garc\u00eda, luego de la creaci\u00f3n del Pacto Nuevo Le\u00f3n. Durante el programa Cambios, conducido por V\u00edctor Mart\u00ednez, los ediles aseguraron que est\u00e1n dispuestos a trabajar en conjunto con el mandatario, [&hellip;]<\/p>\n","protected":false},"author":9,"featured_media":34901,"comment_status":"closed","ping_status":"closed","sticky":false,"template":"","format":"standard","meta":{"footnotes":""},"categories":[15],"tags":[5301,5302,5037],"class_list":["post-34900","post","type-post","status-publish","format-standard","has-post-thumbnail","hentry","category-estado","tag-acuerdoalcaldesnuevoleon","tag-alcaldesnuevoleon","tag-samuelgarcia"],"_links":{"self":[{"href":"https:\/\/laultimapalabra.com.mx\/portal\/wp-json\/wp\/v2\/posts\/34900","targetHints":{"allow":["GET"]}}],"collection":[{"href":"https:\/\/laultimapalabra.com.mx\/portal\/wp-json\/wp\/v2\/posts"}],"about":[{"href":"https:\/\/laultimapalabra.com.mx\/portal\/wp-json\/wp\/v2\/types\/post"}],"author":[{"embeddable":true,"href":"https:\/\/laultimapalabra.com.mx\/portal\/wp-json\/wp\/v2\/users\/9"}],"replies":[{"embeddable":true,"href":"https:\/\/laultimapalabra.com.mx\/portal\/wp-json\/wp\/v2\/comments?post=34900"}],"version-history":[{"count":2,"href":"https:\/\/laultimapalabra.com.mx\/portal\/wp-json\/wp\/v2\/posts\/34900\/revisions"}],"predecessor-version":[{"id":79495,"href":"https:\/\/laultimapalabra.com.mx\/portal\/wp-json\/wp\/v2\/posts\/34900\/revisions\/79495"}],"wp:featuredmedia":[{"embeddable":true,"href":"https:\/\/laultimapalabra.com.mx\/portal\/wp-json\/wp\/v2\/media\/34901"}],"wp:attachment":[{"href":"https:\/\/laultimapalabra.com.mx\/portal\/wp-json\/wp\/v2\/media?parent=34900"}],"wp:term":[{"taxonomy":"category","embeddable":true,"href":"https:\/\/laultimapalabra.com.mx\/portal\/wp-json\/wp\/v2\/categories?post=34900"},{"taxonomy":"post_tag","embeddable":true,"href":"https:\/\/laultimapalabra.com.mx\/portal\/wp-json\/wp\/v2\/tags?post=34900"}],"curies":[{"name":"wp","href":"https:\/\/api.w.org\/{rel}","templated":true}]}}