                       {"id":34983,"date":"2022-11-30T16:24:48","date_gmt":"2022-11-30T22:24:48","guid":{"rendered":"https:\/\/laultimapalabra.com.mx\/portal\/?p=34983"},"modified":"2024-12-11T10:40:20","modified_gmt":"2024-12-11T16:40:20","slug":"andorra-investiga-corrupcion-en-gobiernos-de-martinelli-ortega-funes-y-calderon","status":"publish","type":"post","link":"https:\/\/laultimapalabra.com.mx\/portal\/andorra-investiga-corrupcion-en-gobiernos-de-martinelli-ortega-funes-y-calderon\/","title":{"rendered":"Andorra investiga corrupci\u00f3n en Gobiernos de Martinelli, Ortega, Funes y Calder\u00f3n"},"content":{"rendered":"<p>Ciudad de M\u00e9xico, 30 de noviembre (SinEmbargo).\u2013 El diario El Pa\u00eds habla esta semana de la pericia de Mauricio Cort Garc\u00eda, de 52 a\u00f1os, para conectar a constructoras con el lado m\u00e1s oscuro del poder. Esta habilidad -dice el informativo espa\u00f1ol- es casi tan prominente como su capacidad para pasar desapercibido, en ese tipo de tratos.<\/p>\n<p>Y agrega El Pa\u00eds, que el de Cort Garc\u00eda, es un perfil que le permiti\u00f3 colarse con sigilo en los enmoquetados despachos de decisi\u00f3n y conseguir adjudicaciones de los gobiernos de Ricardo Martinelli (de Panam\u00e1), Daniel Ortega (de Nicaragua) y Mauricio Funes (de El Salvador) entre 2010 y 2014.<\/p>\n<p>Pero tambi\u00e9n, destaca que este abogado pudo sacar partido de la gran infraestructura la Central Hidroel\u00e9ctrica La Yesca en el estado de Nayarit durante el sexenio presidencial de Felipe Calder\u00f3n en M\u00e9xico .<\/p>\n<p>La nota del reconocido diario El Pa\u00eds, se\u00f1ala que Cort cobr\u00f3 tres millones en Andorra por un misterioso informe sobre esta obra adjudicada a la mexicana ICA que, a juicio de la polic\u00eda del pa\u00eds europeo, camufl\u00f3 un esquema de cobro de comisiones y agrega. Se refiere a un texto anterior de Joaqu\u00edn Gil y Jos\u00e9 Mar\u00eda Irujo \u2013quienes han revelado gran parte del expediente andorrano de Juan Collado\u2013 donde se detalla esa operaci\u00f3n sospechosa.<\/p>\n<p>En un texto previo sobre este mismo caso, El Pa\u00eds revela una investigaci\u00f3n de la polic\u00eda de Andorra sobre un presunto engranaje de pago de sobornos vinculados a la Central Hidroel\u00e9ctrica \u201cLa Yesca\u201d \u2013una de las m\u00e1s altas del mundo con una capacidad de generaci\u00f3n de 750 megawatts\u2013 que encarg\u00f3 el expresidente Calder\u00f3n Hinojosa.<\/p>\n<p>Jos\u00e9 Mar\u00eda Irujo y Joaqu\u00edn Gil muestran que el proyecto desarrollado por completo en la administraci\u00f3n panista habr\u00eda costado mil millones de d\u00f3lares, un 30 por ciento m\u00e1s del presupuesto inicial.<\/p>\n<p>FUENTE: SIN EMBARGO MX<\/p>\n","protected":false},"excerpt":{"rendered":"<p>Ciudad de M\u00e9xico, 30 de noviembre (SinEmbargo).\u2013 El diario El Pa\u00eds habla esta semana de la pericia de Mauricio Cort Garc\u00eda, de 52 a\u00f1os, para conectar a constructoras con el lado m\u00e1s oscuro del poder. Esta habilidad -dice el informativo espa\u00f1ol- es casi tan prominente como su capacidad para pasar desapercibido, en ese tipo de [&hellip;]<\/p>\n","protected":false},"author":9,"featured_media":34984,"comment_status":"closed","ping_status":"closed","sticky":false,"template":"","format":"standard","meta":{"footnotes":""},"categories":[19],"tags":[4905,5327,5328],"class_list":["post-34983","post","type-post","status-publish","format-standard","has-post-thumbnail","hentry","category-nacional","tag-calderon","tag-nayarit","tag-presayesca"],"_links":{"self":[{"href":"https:\/\/laultimapalabra.com.mx\/portal\/wp-json\/wp\/v2\/posts\/34983","targetHints":{"allow":["GET"]}}],"collection":[{"href":"https:\/\/laultimapalabra.com.mx\/portal\/wp-json\/wp\/v2\/posts"}],"about":[{"href":"https:\/\/laultimapalabra.com.mx\/portal\/wp-json\/wp\/v2\/types\/post"}],"author":[{"embeddable":true,"href":"https:\/\/laultimapalabra.com.mx\/portal\/wp-json\/wp\/v2\/users\/9"}],"replies":[{"embeddable":true,"href":"https:\/\/laultimapalabra.com.mx\/portal\/wp-json\/wp\/v2\/comments?post=34983"}],"version-history":[{"count":3,"href":"https:\/\/laultimapalabra.com.mx\/portal\/wp-json\/wp\/v2\/posts\/34983\/revisions"}],"predecessor-version":[{"id":79535,"href":"https:\/\/laultimapalabra.com.mx\/portal\/wp-json\/wp\/v2\/posts\/34983\/revisions\/79535"}],"wp:featuredmedia":[{"embeddable":true,"href":"https:\/\/laultimapalabra.com.mx\/portal\/wp-json\/wp\/v2\/media\/34984"}],"wp:attachment":[{"href":"https:\/\/laultimapalabra.com.mx\/portal\/wp-json\/wp\/v2\/media?parent=34983"}],"wp:term":[{"taxonomy":"category","embeddable":true,"href":"https:\/\/laultimapalabra.com.mx\/portal\/wp-json\/wp\/v2\/categories?post=34983"},{"taxonomy":"post_tag","embeddable":true,"href":"https:\/\/laultimapalabra.com.mx\/portal\/wp-json\/wp\/v2\/tags?post=34983"}],"curies":[{"name":"wp","href":"https:\/\/api.w.org\/{rel}","templated":true}]}}