                       {"id":34986,"date":"2022-11-30T16:28:54","date_gmt":"2022-11-30T22:28:54","guid":{"rendered":"https:\/\/laultimapalabra.com.mx\/portal\/?p=34986"},"modified":"2024-12-11T10:40:20","modified_gmt":"2024-12-11T16:40:20","slug":"monreal-sera-bienvenido-pero-no-como-abanderado-presidencial-2024-santiago-creel","status":"publish","type":"post","link":"https:\/\/laultimapalabra.com.mx\/portal\/monreal-sera-bienvenido-pero-no-como-abanderado-presidencial-2024-santiago-creel\/","title":{"rendered":"Monreal ser\u00e1 bienvenido, pero no como abanderado presidencial 2024: Santiago Creel"},"content":{"rendered":"<p>Ciudad de M\u00e9xico,(SinEmbargo).- El Diputado federal por el Partido Acci\u00f3n Nacional (PAN), Santiago Creel Miranda, se\u00f1al\u00f3 que si el coordinador de los senadores de Morena, Ricardo Monreal \u00c1vila, decide salirse de su partido y sumarse a la oposici\u00f3n, \u201cser\u00e1 bienvenido\u201c.<\/p>\n<p>Sin embargo, el presidente de la Mesa Directiva de la C\u00e1mara de Diputados aclar\u00f3 que las dirigencias nacionales que integran la alianza opositora no han aceptado a Ricardo Monreal como candidato a la Presidencia en 2024, pues se\u00f1al\u00f3 que la mesa de di\u00e1logo y reconciliaci\u00f3n a la que convocaron no significa una aceptaci\u00f3n de un aspirante presidencial.<\/p>\n<p>Creel Miranda se\u00f1al\u00f3 que la mesa de di\u00e1logo y reconciliaci\u00f3n no significa una mesa en donde se est\u00e9 aceptando a un aspirante o a un precandidato. Significa -dijo- un ejercicio que no existe en el pa\u00eds, fuera del Congreso puntualiz\u00f3.<\/p>\n<p>Agreg\u00f3 tambi\u00e9n que si el senador Monreal desea tomar una decisi\u00f3n para apartarse de su grupo pol\u00edtico, ser\u00e1 una decisi\u00f3n de \u00e9l. Pero de cualquier manera -aclar\u00f3- la mesa (de reconciliaci\u00f3n) va.<\/p>\n<p>Tambi\u00e9n aclar\u00f3 que si \u00e9l -Monreal- se suma al esfuerzo de la oposici\u00f3n, ser\u00e1 bienvenido.<\/p>\n<p>Los rumores de la posible salida de Morena del Senador Ricardo Monreal \u00c1vila, quien ha acusado en diferentes ocasiones que en el partido (Morena) no hay piso parejo rumbo a los comicios de 2024, se han vuelto m\u00e1s fuertes luego de que al morenista se le viera en diversas ocasiones reunirse con los principales dirigentes de la oposici\u00f3n.<\/p>\n<p>FUENTE: SIN EMBARGO MX<\/p>\n","protected":false},"excerpt":{"rendered":"<p>Ciudad de M\u00e9xico,(SinEmbargo).- El Diputado federal por el Partido Acci\u00f3n Nacional (PAN), Santiago Creel Miranda, se\u00f1al\u00f3 que si el coordinador de los senadores de Morena, Ricardo Monreal \u00c1vila, decide salirse de su partido y sumarse a la oposici\u00f3n, \u201cser\u00e1 bienvenido\u201c. Sin embargo, el presidente de la Mesa Directiva de la C\u00e1mara de Diputados aclar\u00f3 que [&hellip;]<\/p>\n","protected":false},"author":9,"featured_media":34987,"comment_status":"closed","ping_status":"closed","sticky":false,"template":"","format":"standard","meta":{"footnotes":""},"categories":[16],"tags":[5330,5329,5331],"class_list":["post-34986","post","type-post","status-publish","format-standard","has-post-thumbnail","hentry","category-internacional","tag-creelymonreal","tag-monreal","tag-noseracandidato"],"_links":{"self":[{"href":"https:\/\/laultimapalabra.com.mx\/portal\/wp-json\/wp\/v2\/posts\/34986","targetHints":{"allow":["GET"]}}],"collection":[{"href":"https:\/\/laultimapalabra.com.mx\/portal\/wp-json\/wp\/v2\/posts"}],"about":[{"href":"https:\/\/laultimapalabra.com.mx\/portal\/wp-json\/wp\/v2\/types\/post"}],"author":[{"embeddable":true,"href":"https:\/\/laultimapalabra.com.mx\/portal\/wp-json\/wp\/v2\/users\/9"}],"replies":[{"embeddable":true,"href":"https:\/\/laultimapalabra.com.mx\/portal\/wp-json\/wp\/v2\/comments?post=34986"}],"version-history":[{"count":4,"href":"https:\/\/laultimapalabra.com.mx\/portal\/wp-json\/wp\/v2\/posts\/34986\/revisions"}],"predecessor-version":[{"id":79537,"href":"https:\/\/laultimapalabra.com.mx\/portal\/wp-json\/wp\/v2\/posts\/34986\/revisions\/79537"}],"wp:featuredmedia":[{"embeddable":true,"href":"https:\/\/laultimapalabra.com.mx\/portal\/wp-json\/wp\/v2\/media\/34987"}],"wp:attachment":[{"href":"https:\/\/laultimapalabra.com.mx\/portal\/wp-json\/wp\/v2\/media?parent=34986"}],"wp:term":[{"taxonomy":"category","embeddable":true,"href":"https:\/\/laultimapalabra.com.mx\/portal\/wp-json\/wp\/v2\/categories?post=34986"},{"taxonomy":"post_tag","embeddable":true,"href":"https:\/\/laultimapalabra.com.mx\/portal\/wp-json\/wp\/v2\/tags?post=34986"}],"curies":[{"name":"wp","href":"https:\/\/api.w.org\/{rel}","templated":true}]}}