                       {"id":35021,"date":"2022-12-01T15:05:46","date_gmt":"2022-12-01T21:05:46","guid":{"rendered":"https:\/\/laultimapalabra.com.mx\/portal\/?p=35021"},"modified":"2024-12-11T10:40:21","modified_gmt":"2024-12-11T16:40:21","slug":"anuncia-gobierno-aumento-de-20-al-salario-minimo-dia-historico-amlo","status":"publish","type":"post","link":"https:\/\/laultimapalabra.com.mx\/portal\/anuncia-gobierno-aumento-de-20-al-salario-minimo-dia-historico-amlo\/","title":{"rendered":"Anuncia Gobierno aumento de 20% al salario m\u00ednimo; d\u00eda hist\u00f3rico: AMLO"},"content":{"rendered":"<p>CDMX.- El presidente L\u00f3pez Obrador coment\u00f3 hoy durante su conferencia matutina que con este incremento al salario m\u00ednimo no hay riesgos de que se dispare la inflaci\u00f3n.<br \/>\nLa ma\u00f1ana de este jueves, los representantes del sector obrero, empresarial y de gobierno que integran la Comisi\u00f3n Nacional de los Salarios M\u00ednimos (Conasami) alcanzaron un acuerdo por unanimidad para incrementar en 20 por ciento el salario m\u00ednimo para el pr\u00f3ximo a\u00f1o.<br \/>\nCon ello, a partir del 1 de enero el salario m\u00ednimo general pasar\u00e1 de 172.87 pesos diarios a 207.44 pesos, lo que representa un aumento de mil 52 pesos al mes.<br \/>\nEn la frontera norte pasar\u00e1 de 260.34 a 312.41 pesos, que representa un aumento de mil 584 pesos al mes, y lo cual beneficiar\u00e1 a 6.4 millones de trabajadores del pa\u00eds.<br \/>\n\u201cCon este incremento no vemos riesgos de que se dispare la inflaci\u00f3n, adem\u00e1s, estamos llevando a cabo un plan antiinflacionario que significa destinar un subsidio de m\u00e1s de 300 mil millones de pesos este a\u00f1o para que no aumente el precio de las gasolinas y diesel, y es un componente importante\u201d, expres\u00f3 el presidente Andr\u00e9s Manuel L\u00f3pez Obrador.<br \/>\n\u201c\u00bfSaben desde cu\u00e1ndo no aumentaba el salario m\u00ednimo en esta proporci\u00f3n? Desde hace m\u00e1s de 40 a\u00f1os, entonces, s\u00ed es muy importante, es un d\u00eda hist\u00f3rico\u201d, agreg\u00f3 el mandatario.<br \/>\nAunque no estaba prevista su participaci\u00f3n en la conferencia de prensa matutina en Palacio Nacional, tras ser informado sobre el acuerdo, el jefe del Ejecutivo federal invit\u00f3 a los representantes de los tres sectores a que acudieron al Sal\u00f3n Tesorer\u00eda para hacer el anuncio.<br \/>\nLuego que la secretar\u00eda del Trabajo y Previsi\u00f3n Social, Luisa Alcalde, expuso que el poder adquisitivo con el salario m\u00ednimo aument\u00f3 en 90 por ciento en t\u00e9rminos reales de 2018 a 2023, y con el ajuste, M\u00e9xico aumenta 31 posiciones a nivel internacional con respecto a 2020, para colocarse en el lugar 50 de 135 pa\u00edses en este rengl\u00f3n, el tabasque\u00f1o agradeci\u00f3 de nueva cuenta a los representantes en la Conasami su asistencia<\/p>\n<p>FUENTE: LA JORNADA<\/p>\n<p>&nbsp;<\/p>\n","protected":false},"excerpt":{"rendered":"<p>CDMX.- El presidente L\u00f3pez Obrador coment\u00f3 hoy durante su conferencia matutina que con este incremento al salario m\u00ednimo no hay riesgos de que se dispare la inflaci\u00f3n. La ma\u00f1ana de este jueves, los representantes del sector obrero, empresarial y de gobierno que integran la Comisi\u00f3n Nacional de los Salarios M\u00ednimos (Conasami) alcanzaron un acuerdo por [&hellip;]<\/p>\n","protected":false},"author":9,"featured_media":35034,"comment_status":"closed","ping_status":"closed","sticky":false,"template":"","format":"standard","meta":{"footnotes":""},"categories":[19],"tags":[124,5339,5340,4194],"class_list":["post-35021","post","type-post","status-publish","format-standard","has-post-thumbnail","hentry","category-nacional","tag-amlo","tag-aumentoalsalario","tag-luisaalcalde","tag-mananera"],"_links":{"self":[{"href":"https:\/\/laultimapalabra.com.mx\/portal\/wp-json\/wp\/v2\/posts\/35021","targetHints":{"allow":["GET"]}}],"collection":[{"href":"https:\/\/laultimapalabra.com.mx\/portal\/wp-json\/wp\/v2\/posts"}],"about":[{"href":"https:\/\/laultimapalabra.com.mx\/portal\/wp-json\/wp\/v2\/types\/post"}],"author":[{"embeddable":true,"href":"https:\/\/laultimapalabra.com.mx\/portal\/wp-json\/wp\/v2\/users\/9"}],"replies":[{"embeddable":true,"href":"https:\/\/laultimapalabra.com.mx\/portal\/wp-json\/wp\/v2\/comments?post=35021"}],"version-history":[{"count":4,"href":"https:\/\/laultimapalabra.com.mx\/portal\/wp-json\/wp\/v2\/posts\/35021\/revisions"}],"predecessor-version":[{"id":79555,"href":"https:\/\/laultimapalabra.com.mx\/portal\/wp-json\/wp\/v2\/posts\/35021\/revisions\/79555"}],"wp:featuredmedia":[{"embeddable":true,"href":"https:\/\/laultimapalabra.com.mx\/portal\/wp-json\/wp\/v2\/media\/35034"}],"wp:attachment":[{"href":"https:\/\/laultimapalabra.com.mx\/portal\/wp-json\/wp\/v2\/media?parent=35021"}],"wp:term":[{"taxonomy":"category","embeddable":true,"href":"https:\/\/laultimapalabra.com.mx\/portal\/wp-json\/wp\/v2\/categories?post=35021"},{"taxonomy":"post_tag","embeddable":true,"href":"https:\/\/laultimapalabra.com.mx\/portal\/wp-json\/wp\/v2\/tags?post=35021"}],"curies":[{"name":"wp","href":"https:\/\/api.w.org\/{rel}","templated":true}]}}