                       {"id":35024,"date":"2022-12-01T15:06:41","date_gmt":"2022-12-01T21:06:41","guid":{"rendered":"https:\/\/laultimapalabra.com.mx\/portal\/?p=35024"},"modified":"2024-12-11T10:40:21","modified_gmt":"2024-12-11T16:40:21","slug":"no-son-mis-papas-yo-no-pido-permido-samuel-garcia-a-diputados","status":"publish","type":"post","link":"https:\/\/laultimapalabra.com.mx\/portal\/no-son-mis-papas-yo-no-pido-permido-samuel-garcia-a-diputados\/","title":{"rendered":"No son mis pap\u00e1s, yo no pido permido: Samuel Garcia a Diputados"},"content":{"rendered":"<p>Monterrey, N.L.- El gobernador de Nuevo Le\u00f3n, Samuel Garc\u00eda, se\u00f1al\u00f3 que los diputados no ten\u00edan por qu\u00e9 revisarlo y ni darle permiso si no eran \u201csus pap\u00e1s\u201d en referencia a la reforma que el Congreso local vot\u00f3 para que d\u00e9 aviso cuando tenga que hacer giras de trabajo en el extranjero.<br \/>\n\u201cNo son mis pap\u00e1s, yo no le pido permiso a nadie, no me ha llegado (la notificaci\u00f3n), nos vemos pronto. Ah\u00ed vamos, ah\u00ed vamos\u201d, se\u00f1al\u00f3 el jefe del Ejecutivo estatal mientras era acompa\u00f1ado por su escolta hacia el elevador tras salir del evento en el magno sal\u00f3n de Cintermex.<br \/>\nEn una accidentada entrevista tras encabezar el foro Sello Nuevo Le\u00f3n, Garc\u00eda Sep\u00falveda minimiz\u00f3 las acciones que el legislativo emprendi\u00f3 recientemente.<br \/>\nAdem\u00e1s, destac\u00f3 que este programa sube 500 por ciento este proyecto de educaci\u00f3n dual para tener mayor vinculaci\u00f3n entre las empresas escuelas t\u00e9cnicas de educaci\u00f3n media superior.<br \/>\nFUENTE: EXC\u00c9LSIOR<\/p>\n","protected":false},"excerpt":{"rendered":"<p>Monterrey, N.L.- El gobernador de Nuevo Le\u00f3n, Samuel Garc\u00eda, se\u00f1al\u00f3 que los diputados no ten\u00edan por qu\u00e9 revisarlo y ni darle permiso si no eran \u201csus pap\u00e1s\u201d en referencia a la reforma que el Congreso local vot\u00f3 para que d\u00e9 aviso cuando tenga que hacer giras de trabajo en el extranjero. \u201cNo son mis pap\u00e1s, [&hellip;]<\/p>\n","protected":false},"author":9,"featured_media":35037,"comment_status":"closed","ping_status":"closed","sticky":false,"template":"","format":"standard","meta":{"footnotes":""},"categories":[15],"tags":[5341,5342,5037],"class_list":["post-35024","post","type-post","status-publish","format-standard","has-post-thumbnail","hentry","category-estado","tag-diputadosnuevoleon","tag-permisos","tag-samuelgarcia"],"_links":{"self":[{"href":"https:\/\/laultimapalabra.com.mx\/portal\/wp-json\/wp\/v2\/posts\/35024","targetHints":{"allow":["GET"]}}],"collection":[{"href":"https:\/\/laultimapalabra.com.mx\/portal\/wp-json\/wp\/v2\/posts"}],"about":[{"href":"https:\/\/laultimapalabra.com.mx\/portal\/wp-json\/wp\/v2\/types\/post"}],"author":[{"embeddable":true,"href":"https:\/\/laultimapalabra.com.mx\/portal\/wp-json\/wp\/v2\/users\/9"}],"replies":[{"embeddable":true,"href":"https:\/\/laultimapalabra.com.mx\/portal\/wp-json\/wp\/v2\/comments?post=35024"}],"version-history":[{"count":4,"href":"https:\/\/laultimapalabra.com.mx\/portal\/wp-json\/wp\/v2\/posts\/35024\/revisions"}],"predecessor-version":[{"id":79557,"href":"https:\/\/laultimapalabra.com.mx\/portal\/wp-json\/wp\/v2\/posts\/35024\/revisions\/79557"}],"wp:featuredmedia":[{"embeddable":true,"href":"https:\/\/laultimapalabra.com.mx\/portal\/wp-json\/wp\/v2\/media\/35037"}],"wp:attachment":[{"href":"https:\/\/laultimapalabra.com.mx\/portal\/wp-json\/wp\/v2\/media?parent=35024"}],"wp:term":[{"taxonomy":"category","embeddable":true,"href":"https:\/\/laultimapalabra.com.mx\/portal\/wp-json\/wp\/v2\/categories?post=35024"},{"taxonomy":"post_tag","embeddable":true,"href":"https:\/\/laultimapalabra.com.mx\/portal\/wp-json\/wp\/v2\/tags?post=35024"}],"curies":[{"name":"wp","href":"https:\/\/api.w.org\/{rel}","templated":true}]}}