                       {"id":35051,"date":"2022-12-02T17:22:15","date_gmt":"2022-12-02T23:22:15","guid":{"rendered":"https:\/\/laultimapalabra.com.mx\/portal\/?p=35051"},"modified":"2024-12-11T10:40:21","modified_gmt":"2024-12-11T16:40:21","slug":"amlo-apoya-a-samuel-contra-embestida-en-eleccion-de-fiscal","status":"publish","type":"post","link":"https:\/\/laultimapalabra.com.mx\/portal\/amlo-apoya-a-samuel-contra-embestida-en-eleccion-de-fiscal\/","title":{"rendered":"AMLO apoya a Samuel contra &#8216;embestida&#8217; en elecci\u00f3n de Fiscal"},"content":{"rendered":"<p>Veracruz, Ver.- El presidente de M\u00e9xico, Andr\u00e9s Manuel L\u00f3pez Obrador, manifest\u00f3 durante la 48 Sesi\u00f3n Ordinaria del Consejo Nacional de Seguridad P\u00fablica, desde Veracruz, su apoyo al gobernador de Nuevo Le\u00f3n, Samuel Garc\u00eda Sep\u00falveda, pues dijo \u201cenfrenta una embestida con tinte partidista\u201d en el proceso para elegir al nuevo Fiscal General de Justicia del Estado.<\/p>\n<p>Durante la sesi\u00f3n, L\u00f3pez Obrador tambi\u00e9n reiter\u00f3 que si los fiscales no act\u00faan con rectitud eso es un obst\u00e1culo que imposibilita el avance del pa\u00eds.<\/p>\n<p>Advirti\u00f3 que los fiscales pueden llegar a acuerdos con la delincuencia, y est\u00e1 probado que cuando los fiscales no act\u00faan con rectitud se disparan los \u00edndices delictivos, est\u00e1 probado. Pero tambi\u00e9n no se puede utilizar las fiscal\u00edas de los estados ni la Fiscal\u00eda General de la Rep\u00fablica con prop\u00f3sitos pol\u00edticos o electorales.<\/p>\n<p>Veamos las palabras del Presidente sobre su apoyo al gobernador\u2026<\/p>\n<p>FUENTE: EL HORIZONTE<\/p>\n","protected":false},"excerpt":{"rendered":"<p>Veracruz, Ver.- El presidente de M\u00e9xico, Andr\u00e9s Manuel L\u00f3pez Obrador, manifest\u00f3 durante la 48 Sesi\u00f3n Ordinaria del Consejo Nacional de Seguridad P\u00fablica, desde Veracruz, su apoyo al gobernador de Nuevo Le\u00f3n, Samuel Garc\u00eda Sep\u00falveda, pues dijo \u201cenfrenta una embestida con tinte partidista\u201d en el proceso para elegir al nuevo Fiscal General de Justicia del Estado. [&hellip;]<\/p>\n","protected":false},"author":9,"featured_media":35052,"comment_status":"closed","ping_status":"closed","sticky":false,"template":"","format":"standard","meta":{"footnotes":""},"categories":[19],"tags":[124,5349,2071],"class_list":["post-35051","post","type-post","status-publish","format-standard","has-post-thumbnail","hentry","category-nacional","tag-amlo","tag-embestida","tag-samuel-garcia"],"_links":{"self":[{"href":"https:\/\/laultimapalabra.com.mx\/portal\/wp-json\/wp\/v2\/posts\/35051","targetHints":{"allow":["GET"]}}],"collection":[{"href":"https:\/\/laultimapalabra.com.mx\/portal\/wp-json\/wp\/v2\/posts"}],"about":[{"href":"https:\/\/laultimapalabra.com.mx\/portal\/wp-json\/wp\/v2\/types\/post"}],"author":[{"embeddable":true,"href":"https:\/\/laultimapalabra.com.mx\/portal\/wp-json\/wp\/v2\/users\/9"}],"replies":[{"embeddable":true,"href":"https:\/\/laultimapalabra.com.mx\/portal\/wp-json\/wp\/v2\/comments?post=35051"}],"version-history":[{"count":2,"href":"https:\/\/laultimapalabra.com.mx\/portal\/wp-json\/wp\/v2\/posts\/35051\/revisions"}],"predecessor-version":[{"id":79565,"href":"https:\/\/laultimapalabra.com.mx\/portal\/wp-json\/wp\/v2\/posts\/35051\/revisions\/79565"}],"wp:featuredmedia":[{"embeddable":true,"href":"https:\/\/laultimapalabra.com.mx\/portal\/wp-json\/wp\/v2\/media\/35052"}],"wp:attachment":[{"href":"https:\/\/laultimapalabra.com.mx\/portal\/wp-json\/wp\/v2\/media?parent=35051"}],"wp:term":[{"taxonomy":"category","embeddable":true,"href":"https:\/\/laultimapalabra.com.mx\/portal\/wp-json\/wp\/v2\/categories?post=35051"},{"taxonomy":"post_tag","embeddable":true,"href":"https:\/\/laultimapalabra.com.mx\/portal\/wp-json\/wp\/v2\/tags?post=35051"}],"curies":[{"name":"wp","href":"https:\/\/api.w.org\/{rel}","templated":true}]}}