                       {"id":3509,"date":"2018-09-13T17:36:03","date_gmt":"2018-09-13T17:36:03","guid":{"rendered":"http:\/\/laultimapalabra.info\/?p=3509"},"modified":"2024-12-11T08:37:29","modified_gmt":"2024-12-11T14:37:29","slug":"va-morena-por-revocacion-de-mandato","status":"publish","type":"post","link":"https:\/\/laultimapalabra.com.mx\/portal\/va-morena-por-revocacion-de-mandato\/","title":{"rendered":"Va Morena por revocaci\u00f3n de mandato"},"content":{"rendered":"<p style=\"text-align: justify;\"><img loading=\"lazy\" decoding=\"async\" class=\"size-medium wp-image-3510 alignright\" src=\"https:\/\/laultimapalabra.com.mx\/portal\/wp-content\/uploads\/2018\/09\/4188528-300x200.jpg\" alt=\"\" width=\"300\" height=\"200\" \/>Cd. de M\u00e9xico (13 septiembre 2018).- La bancada de Morena en el Senado propondr\u00e1 este jueves una reforma constitucional para establecer la revocaci\u00f3n de mandato del Presidente de la Rep\u00fablica y de los gobernadores.<\/p>\n<p style=\"text-align: justify;\">En el proyecto se establece que los ciudadanos podr\u00e1n revocar el mandato del Jefe del Ejecutivo en forma anticipada por p\u00e9rdida de confianza, incumplimiento del plan de trabajo o compromisos de campa\u00f1a, actos de corrupci\u00f3n o violaci\u00f3n de las leyes.<\/p>\n<p style=\"text-align: justify;\">La propuesta, que ser\u00e1 llevada a la tribuna por el senador Salom\u00f3n Jara, refiere que la revocaci\u00f3n se har\u00e1 efectiva a trav\u00e9s de una consulta popular.<\/p>\n<p style=\"text-align: justify;\">&#8220;Cuando se trate de revocaci\u00f3n de mandato, no se requerir\u00e1 de la aprobaci\u00f3n del Congreso de la Uni\u00f3n, ser\u00e1 suficiente el comunicado del Ejecutivo para que la C\u00e1mara receptora lo comunique al \u00f3rgano electoral para su implementaci\u00f3n&#8221;, se lee en el documento.<\/p>\n<p style=\"text-align: justify;\">En caso de que se aplique ese supuesto, el Congreso deber\u00e1 sesionar para convertirse en colegio electoral y proceder con la sustituci\u00f3n.<\/p>\n<p style=\"text-align: justify;\">&#8220;El Presidente de la Rep\u00fablica, durante el tiempo de su encargo, s\u00f3lo podr\u00e1 ser acusado por traici\u00f3n a la patria y delitos graves del orden com\u00fan&#8221;, se establece.<\/p>\n<p style=\"text-align: justify;\">&#8220;Tambi\u00e9n podr\u00e1 juzgarse por p\u00e9rdida de confianza y actos de corrupci\u00f3n, requiri\u00e9ndose en estos casos la consulta popular para la revocaci\u00f3n de mandato&#8221;.<\/p>\n<p style=\"text-align: justify;\">El mecanismo tambi\u00e9n ser\u00e1 habilitado para retirar de su cargo a los Gobernadores.<\/p>\n<p style=\"text-align: justify;\">En este caso las Legislaturas locales deber\u00e1n aprobar los procedimientos para ejercer la revocaci\u00f3n de mandato de los mecanismos de sustituci\u00f3n.<\/p>\n<p style=\"text-align: justify;\">fuente: EL NORTE<\/p>\n","protected":false},"excerpt":{"rendered":"<p>Cd. de M\u00e9xico (13 septiembre 2018).- La bancada de Morena en el Senado propondr\u00e1 este jueves una reforma constitucional para establecer la revocaci\u00f3n de mandato del Presidente de la Rep\u00fablica y de los gobernadores. En el proyecto se establece que los ciudadanos podr\u00e1n revocar el mandato del Jefe del Ejecutivo en forma anticipada por p\u00e9rdida [&hellip;]<\/p>\n","protected":false},"author":9,"featured_media":3510,"comment_status":"open","ping_status":"closed","sticky":false,"template":"","format":"standard","meta":{"footnotes":""},"categories":[19],"tags":[2068,2126],"class_list":["post-3509","post","type-post","status-publish","format-standard","has-post-thumbnail","hentry","category-nacional","tag-salomon-jara","tag-senado"],"_links":{"self":[{"href":"https:\/\/laultimapalabra.com.mx\/portal\/wp-json\/wp\/v2\/posts\/3509","targetHints":{"allow":["GET"]}}],"collection":[{"href":"https:\/\/laultimapalabra.com.mx\/portal\/wp-json\/wp\/v2\/posts"}],"about":[{"href":"https:\/\/laultimapalabra.com.mx\/portal\/wp-json\/wp\/v2\/types\/post"}],"author":[{"embeddable":true,"href":"https:\/\/laultimapalabra.com.mx\/portal\/wp-json\/wp\/v2\/users\/9"}],"replies":[{"embeddable":true,"href":"https:\/\/laultimapalabra.com.mx\/portal\/wp-json\/wp\/v2\/comments?post=3509"}],"version-history":[{"count":1,"href":"https:\/\/laultimapalabra.com.mx\/portal\/wp-json\/wp\/v2\/posts\/3509\/revisions"}],"predecessor-version":[{"id":64897,"href":"https:\/\/laultimapalabra.com.mx\/portal\/wp-json\/wp\/v2\/posts\/3509\/revisions\/64897"}],"wp:featuredmedia":[{"embeddable":true,"href":"https:\/\/laultimapalabra.com.mx\/portal\/wp-json\/"}],"wp:attachment":[{"href":"https:\/\/laultimapalabra.com.mx\/portal\/wp-json\/wp\/v2\/media?parent=3509"}],"wp:term":[{"taxonomy":"category","embeddable":true,"href":"https:\/\/laultimapalabra.com.mx\/portal\/wp-json\/wp\/v2\/categories?post=3509"},{"taxonomy":"post_tag","embeddable":true,"href":"https:\/\/laultimapalabra.com.mx\/portal\/wp-json\/wp\/v2\/tags?post=3509"}],"curies":[{"name":"wp","href":"https:\/\/api.w.org\/{rel}","templated":true}]}}