                       {"id":3523,"date":"2018-09-13T18:32:18","date_gmt":"2018-09-13T18:32:18","guid":{"rendered":"http:\/\/laultimapalabra.info\/?p=3523"},"modified":"2024-12-11T08:37:29","modified_gmt":"2024-12-11T14:37:29","slug":"foto-del-recuerdo-24","status":"publish","type":"post","link":"https:\/\/laultimapalabra.com.mx\/portal\/foto-del-recuerdo-24\/","title":{"rendered":"Foto del Recuerdo"},"content":{"rendered":"<p><img loading=\"lazy\" decoding=\"async\" class=\"alignnone  wp-image-3520\" src=\"https:\/\/laultimapalabra.com.mx\/portal\/wp-content\/uploads\/2018\/09\/foto-del-recuerdo-300x225.jpg\" alt=\"\" width=\"575\" height=\"433\" \/><\/p>\n<p style=\"text-align: justify;\">Escuela Rural Federal en la Hac. el Durazno<br \/>\nLa foto es propiedad del se\u00f1or Matias Garc\u00eda, y en ella aparece el se\u00f1or Don Jos\u00e9 Gonz\u00e1lez, quien fuera Alcalde de Cadereyta, all\u00e1 por los a\u00f1os 60s.<br \/>\nLo acompa\u00f1an varios alumnos de esta escuela, as\u00ed como vecinos de la Hac. el Durazno.<\/p>\n","protected":false},"excerpt":{"rendered":"<p>Escuela Rural Federal en la Hac. el Durazno La foto es propiedad del se\u00f1or Matias Garc\u00eda, y en ella aparece el se\u00f1or Don Jos\u00e9 Gonz\u00e1lez, quien fuera Alcalde de Cadereyta, all\u00e1 por los a\u00f1os 60s. Lo acompa\u00f1an varios alumnos de esta escuela, as\u00ed como vecinos de la Hac. el Durazno.<\/p>\n","protected":false},"author":9,"featured_media":3520,"comment_status":"open","ping_status":"closed","sticky":false,"template":"","format":"standard","meta":{"footnotes":""},"categories":[1],"tags":[1095],"class_list":["post-3523","post","type-post","status-publish","format-standard","has-post-thumbnail","hentry","category-noticias","tag-foto-del-recuerdo"],"_links":{"self":[{"href":"https:\/\/laultimapalabra.com.mx\/portal\/wp-json\/wp\/v2\/posts\/3523","targetHints":{"allow":["GET"]}}],"collection":[{"href":"https:\/\/laultimapalabra.com.mx\/portal\/wp-json\/wp\/v2\/posts"}],"about":[{"href":"https:\/\/laultimapalabra.com.mx\/portal\/wp-json\/wp\/v2\/types\/post"}],"author":[{"embeddable":true,"href":"https:\/\/laultimapalabra.com.mx\/portal\/wp-json\/wp\/v2\/users\/9"}],"replies":[{"embeddable":true,"href":"https:\/\/laultimapalabra.com.mx\/portal\/wp-json\/wp\/v2\/comments?post=3523"}],"version-history":[{"count":1,"href":"https:\/\/laultimapalabra.com.mx\/portal\/wp-json\/wp\/v2\/posts\/3523\/revisions"}],"predecessor-version":[{"id":64905,"href":"https:\/\/laultimapalabra.com.mx\/portal\/wp-json\/wp\/v2\/posts\/3523\/revisions\/64905"}],"wp:featuredmedia":[{"embeddable":true,"href":"https:\/\/laultimapalabra.com.mx\/portal\/wp-json\/"}],"wp:attachment":[{"href":"https:\/\/laultimapalabra.com.mx\/portal\/wp-json\/wp\/v2\/media?parent=3523"}],"wp:term":[{"taxonomy":"category","embeddable":true,"href":"https:\/\/laultimapalabra.com.mx\/portal\/wp-json\/wp\/v2\/categories?post=3523"},{"taxonomy":"post_tag","embeddable":true,"href":"https:\/\/laultimapalabra.com.mx\/portal\/wp-json\/wp\/v2\/tags?post=3523"}],"curies":[{"name":"wp","href":"https:\/\/api.w.org\/{rel}","templated":true}]}}