                       {"id":35652,"date":"2022-12-23T15:51:49","date_gmt":"2022-12-23T21:51:49","guid":{"rendered":"https:\/\/laultimapalabra.com.mx\/portal\/?p=35652"},"modified":"2024-12-11T10:40:25","modified_gmt":"2024-12-11T16:40:25","slug":"avala-congreso-de-nl-quitar-a-damuel-derecho-a-vetos","status":"publish","type":"post","link":"https:\/\/laultimapalabra.com.mx\/portal\/avala-congreso-de-nl-quitar-a-damuel-derecho-a-vetos\/","title":{"rendered":"Avala Congreso de NL quitar a Samuel derecho a vetos\u00a0"},"content":{"rendered":"<p><span style=\"font-size: 1rem;\">Monterrey.- Con la mayor\u00eda de votos del PRI y del PAN, diputados locales aprobaron por mayor\u00eda una reforma constitucional con la que buscan que ellos elijan al Fiscal General de Justicia y al Secretario General de Gobierno.<\/span><\/p>\n<p>Los cambios se hicieron a 27 art\u00edculos de la Constituci\u00f3n estatal y fue promovida por el l\u00edder de la bancada del PAN, Carlos de la Fuente; el coordinador priista, Heriberto Trevi\u00f1o y la legisladora sin partido, Jessica Mart\u00ednez.<\/p>\n<p>El documento que fue votado con 27 votos a favor, 12 en contra y 2 abstenciones quita el derecho al mandatario estatal de vetar a un candidato a fiscal, adem\u00e1s indica que el Tribunal de Justicia Administrativa ser\u00e1 aut\u00f3nomo.<\/p>\n<p>Tambi\u00e9n se\u00f1ala que podr\u00e1n acusar de corrupci\u00f3n al Ejecutivo y sus subordinados cuando omitan publicar reformas en el Peri\u00f3dico Oficial.<\/p>\n<p>Durante la discusi\u00f3n la legisladora de Movimiento Ciudadano, Ira\u00eds Reyes, se\u00f1al\u00f3 que la medida invade las atribuciones del mandatario estatal y al subir al Pleno llev\u00f3 una caja de regalo y se\u00f1al\u00f3 que es el regalo de Navidad del PRI y del PAN para Adri\u00e1n de la Garza, quien fue vetado por el gobernador para ocupar el cargo de Fiscal General.<\/p>\n<p>FUENTE: ABC NOTICIAS MX<\/p>\n","protected":false},"excerpt":{"rendered":"<p>Monterrey.- Con la mayor\u00eda de votos del PRI y del PAN, diputados locales aprobaron por mayor\u00eda una reforma constitucional con la que buscan que ellos elijan al Fiscal General de Justicia y al Secretario General de Gobierno. Los cambios se hicieron a 27 art\u00edculos de la Constituci\u00f3n estatal y fue promovida por el l\u00edder de [&hellip;]<\/p>\n","protected":false},"author":9,"featured_media":35653,"comment_status":"closed","ping_status":"closed","sticky":false,"template":"","format":"standard","meta":{"footnotes":""},"categories":[15],"tags":[5552,5113,5551,5037],"class_list":["post-35652","post","type-post","status-publish","format-standard","has-post-thumbnail","hentry","category-estado","tag-congresodelestado","tag-nuevoleon","tag-quitandiputadosderechodeveto","tag-samuelgarcia"],"_links":{"self":[{"href":"https:\/\/laultimapalabra.com.mx\/portal\/wp-json\/wp\/v2\/posts\/35652","targetHints":{"allow":["GET"]}}],"collection":[{"href":"https:\/\/laultimapalabra.com.mx\/portal\/wp-json\/wp\/v2\/posts"}],"about":[{"href":"https:\/\/laultimapalabra.com.mx\/portal\/wp-json\/wp\/v2\/types\/post"}],"author":[{"embeddable":true,"href":"https:\/\/laultimapalabra.com.mx\/portal\/wp-json\/wp\/v2\/users\/9"}],"replies":[{"embeddable":true,"href":"https:\/\/laultimapalabra.com.mx\/portal\/wp-json\/wp\/v2\/comments?post=35652"}],"version-history":[{"count":3,"href":"https:\/\/laultimapalabra.com.mx\/portal\/wp-json\/wp\/v2\/posts\/35652\/revisions"}],"predecessor-version":[{"id":79883,"href":"https:\/\/laultimapalabra.com.mx\/portal\/wp-json\/wp\/v2\/posts\/35652\/revisions\/79883"}],"wp:featuredmedia":[{"embeddable":true,"href":"https:\/\/laultimapalabra.com.mx\/portal\/wp-json\/wp\/v2\/media\/35653"}],"wp:attachment":[{"href":"https:\/\/laultimapalabra.com.mx\/portal\/wp-json\/wp\/v2\/media?parent=35652"}],"wp:term":[{"taxonomy":"category","embeddable":true,"href":"https:\/\/laultimapalabra.com.mx\/portal\/wp-json\/wp\/v2\/categories?post=35652"},{"taxonomy":"post_tag","embeddable":true,"href":"https:\/\/laultimapalabra.com.mx\/portal\/wp-json\/wp\/v2\/tags?post=35652"}],"curies":[{"name":"wp","href":"https:\/\/api.w.org\/{rel}","templated":true}]}}