                       {"id":35683,"date":"2022-12-26T14:57:24","date_gmt":"2022-12-26T20:57:24","guid":{"rendered":"https:\/\/laultimapalabra.com.mx\/portal\/?p=35683"},"modified":"2024-12-11T10:40:25","modified_gmt":"2024-12-11T16:40:25","slug":"las-pensiones-para-los-adultos-mayores-creceran-25-en-2023-adelanta-el-presidente","status":"publish","type":"post","link":"https:\/\/laultimapalabra.com.mx\/portal\/las-pensiones-para-los-adultos-mayores-creceran-25-en-2023-adelanta-el-presidente\/","title":{"rendered":"Las pensiones para los adultos mayores crecer\u00e1n 25% en 2023, adelanta el Presidente\u00a0"},"content":{"rendered":"<p><span style=\"font-size: 1rem;\">Ciudad de M\u00e9xico.\u2013 El Presidente Andr\u00e9s Manuel L\u00f3pez Obrador adelant\u00f3 la ma\u00f1ana de este lunes que el aumento a la pensi\u00f3n de adultos mayores ser\u00e1 de 25 por ciento para 2023, y el pr\u00f3ximo 2 de enero se dar\u00e1 a conocer el calendario de dispersi\u00f3n.<\/span><\/p>\n<p>Cuando enlistaba los usos que el Gobierno federal le dar\u00e1 al Presupuesto del pr\u00f3ximo a\u00f1o, record\u00f3 que ya estaba aprobado por los diputados los recursos para los Programas del Bienestar.<\/p>\n<p>\u201cEl d\u00eda 2 [de enero] va a estar la Secretaria del Bienestar para dar a conocer el calendario de dispersi\u00f3n del fondo de la pensi\u00f3n de adultos mayores, que va a incrementar el 25 por ciento\u201d, se\u00f1al\u00f3 en su conferencia de prensa desde Palacio Nacional.<\/p>\n<p>De acuerdo con la Secretar\u00eda del Bienestar, en el 2023 los beneficiarios recibir\u00e1n cinco pagos bimestrales, a excepci\u00f3n de uno, que ser\u00e1 doble, el cual est\u00e1 marcado para marzo, debido a la veda electoral por las elecciones en Coahuila y en el Estado de M\u00e9xico del pr\u00f3ximo a\u00f1o.<\/p>\n<p>Hay que recordar que durante el 2022 las personas mayores de 65 a\u00f1os recibieron dep\u00f3sitos de 3 mil 850 pesos, sin embargo, con el aumento que confirm\u00f3 el Gobierno federal a partir del 2023 cobrar\u00e1n un total de 4 mil 800 pesos.<\/p>\n<p>La Secretar\u00eda del Bienestar inform\u00f3 que el pago doble de la Pensi\u00f3n Bienestar ser\u00e1n correspondientes a los bimestres de mayo-junio y julio-agosto. En total, los adultos mayores recibir\u00e1n 9 mil 600 pesos a trav\u00e9s de sus tarjetas y podr\u00e1n disponer del dinero seg\u00fan les convenga.<\/p>\n<p>El pago doble de la Pensi\u00f3n del Bienestar se realizar\u00e1 del 1 al 21 de marzo, por lo que la dependencia pidi\u00f3 a los adultos mayores estar al pendiente del saldo de sus tarjetas.<\/p>\n<p>Respecto al primer pago del bimestre del a\u00f1o 2023 correspondiente a enero y febrero, se depositar\u00e1 durante la primera semana de primer mes del a\u00f1o.<\/p>\n<p>FUENTE: SIN EMBARGO MX<\/p>\n","protected":false},"excerpt":{"rendered":"<p>Ciudad de M\u00e9xico.\u2013 El Presidente Andr\u00e9s Manuel L\u00f3pez Obrador adelant\u00f3 la ma\u00f1ana de este lunes que el aumento a la pensi\u00f3n de adultos mayores ser\u00e1 de 25 por ciento para 2023, y el pr\u00f3ximo 2 de enero se dar\u00e1 a conocer el calendario de dispersi\u00f3n. Cuando enlistaba los usos que el Gobierno federal le dar\u00e1 [&hellip;]<\/p>\n","protected":false},"author":9,"featured_media":35684,"comment_status":"closed","ping_status":"closed","sticky":false,"template":"","format":"standard","meta":{"footnotes":""},"categories":[19],"tags":[124,4914,5564,5563],"class_list":["post-35683","post","type-post","status-publish","format-standard","has-post-thumbnail","hentry","category-nacional","tag-amlo","tag-bienestar","tag-doblepension","tag-pensionadultosmayores"],"_links":{"self":[{"href":"https:\/\/laultimapalabra.com.mx\/portal\/wp-json\/wp\/v2\/posts\/35683","targetHints":{"allow":["GET"]}}],"collection":[{"href":"https:\/\/laultimapalabra.com.mx\/portal\/wp-json\/wp\/v2\/posts"}],"about":[{"href":"https:\/\/laultimapalabra.com.mx\/portal\/wp-json\/wp\/v2\/types\/post"}],"author":[{"embeddable":true,"href":"https:\/\/laultimapalabra.com.mx\/portal\/wp-json\/wp\/v2\/users\/9"}],"replies":[{"embeddable":true,"href":"https:\/\/laultimapalabra.com.mx\/portal\/wp-json\/wp\/v2\/comments?post=35683"}],"version-history":[{"count":2,"href":"https:\/\/laultimapalabra.com.mx\/portal\/wp-json\/wp\/v2\/posts\/35683\/revisions"}],"predecessor-version":[{"id":79903,"href":"https:\/\/laultimapalabra.com.mx\/portal\/wp-json\/wp\/v2\/posts\/35683\/revisions\/79903"}],"wp:featuredmedia":[{"embeddable":true,"href":"https:\/\/laultimapalabra.com.mx\/portal\/wp-json\/wp\/v2\/media\/35684"}],"wp:attachment":[{"href":"https:\/\/laultimapalabra.com.mx\/portal\/wp-json\/wp\/v2\/media?parent=35683"}],"wp:term":[{"taxonomy":"category","embeddable":true,"href":"https:\/\/laultimapalabra.com.mx\/portal\/wp-json\/wp\/v2\/categories?post=35683"},{"taxonomy":"post_tag","embeddable":true,"href":"https:\/\/laultimapalabra.com.mx\/portal\/wp-json\/wp\/v2\/tags?post=35683"}],"curies":[{"name":"wp","href":"https:\/\/api.w.org\/{rel}","templated":true}]}}