                       {"id":3585,"date":"2018-09-13T21:11:55","date_gmt":"2018-09-13T21:11:55","guid":{"rendered":"http:\/\/laultimapalabra.info\/?p=3585"},"modified":"2024-12-11T08:37:30","modified_gmt":"2024-12-11T14:37:30","slug":"la-guardia-del-mapache-2","status":"publish","type":"post","link":"https:\/\/laultimapalabra.com.mx\/portal\/la-guardia-del-mapache-2\/","title":{"rendered":"La Guardia del Mapache"},"content":{"rendered":"<p><img loading=\"lazy\" decoding=\"async\" class=\"size-medium wp-image-155 alignleft\" src=\"https:\/\/laultimapalabra.com.mx\/portal\/wp-content\/uploads\/2018\/02\/mapache-300x282.jpeg\" alt=\"\" width=\"300\" height=\"282\" \/>Por: El Mapache<\/p>\n<p style=\"text-align: justify;\">Pues bueno raza, empecemos esta columneja h\u00fameda jejeje que as\u00ed estuvo nuestro C\u00e1diz casi toda la semanuca.<br \/>\nINUNDADOS<br \/>\nPues ya &#8220;sabanas&#8221; que nosotros aqu\u00ed con una &#8220;miada&#8221; de angel ya nos andamos ahogando jejeje aunque se reporte sin novedades el asunto.<br \/>\nPLUVIALES<br \/>\nLa verdad es que es cuento de nunca acabar esto de las lluvias y nuestras broncas con ellas, con eso de que pocos pluviales tenemos y los que hay los atiborramos de basura, pues as\u00ed no se arma.<br \/>\nINSEGURIDAD<br \/>\nAdem\u00e1s de esto, la inseguridad no atendida por nuestro alcalde De$pre$iado sigue cobrando facturas, ya hasta los empleados de Merco pagaron el &#8220;plato&#8221;, no cabe duda que si no hacen algo al rato no vamos a poder ni salir a jalar tranquilos raza.<br \/>\nDESCONTENTO<br \/>\nY sigue el descontento con las &#8220;\u00f1oras&#8221; de la &#8220;Gero&#8221; por aquello de la plaza, pues al parecer no dan su brazo a torcer y pelean su lugar de esparcimiento para sus &#8220;bendis&#8221;.<br \/>\nCASO<br \/>\nLa verdad dudamos que al final de cuentas les vayan a hacer caso, pues son muchos milloncitos los que se van a invertir ah\u00ed, y pues acu\u00e9rdense que de ah\u00ed va el moche pa&#8217;l de$pre$iado y el &#8220;troll cabeza de diferencial&#8221; del tercer piso del Palace jejeje business are business compis.<br \/>\nTOCANDO PUERTAS<br \/>\nEl que sabe que se las va a ver duras y anda toque y toque puertas, el &#8220;Neto Maravillas&#8221;, anticip\u00e1ndose al &#8220;desma\u00faser&#8221; que seguramente va a encontrar en C\u00e1diz.<br \/>\nAUDITOR\u00cdAS<br \/>\nAunque \u00e9l con que haga buenas auditor\u00edas al De$pre$iado y al &#8220;Troll cabeza de difencial&#8221;, con eso tendr\u00e1 contenta a la raza, que la verdad ya lo que quiere es que estos ratas no se vayan limpios y con las bolsas llenas.<br \/>\nINDECISOS<br \/>\nLos que nom\u00e1s no agarran su posici\u00f3n son los compis del PAN, que para ser verdad deber\u00edan ya establecer su posici\u00f3n respecto a la p\u00e9sima &#8220;administration&#8221; del De$pre$iado raza.<br \/>\nABANDONO<br \/>\nPorque por si no se han dado cuenta los &#8220;pitufos&#8221;, \u00e9l es el culpable de que se hayan ido hasta 4to lugar en las elecciones pasadas, despu\u00e9s de haber sido la 2da potencia pol\u00edtica en Cadiz raza, montones de &#8220;pitufos&#8221; saltaron del barco tras ver el violento saqueo y sabiendo que la raza ni &#8220;ma\u00faser&#8221; que los iban apoyar.<br \/>\nRESPALDO<br \/>\nCon esto le dar\u00edan el respaldo a lo dicho la semanuca pasada por &#8220;Artero&#8221;, quien ni tardo ni perezoso valientemente levant\u00f3 la voz y dijo que De$pre$iado se ten\u00eda que ir de Acci\u00f3n Nacional.<br \/>\nREFRESH<br \/>\nSin duda, esto le dar\u00eda una refrescada al partido, y no precisamente del 10 de Mayo como se las han dado \u00faltimamente, si no que chance y hasta lleguen a recuperar a algunos de los simpatizantes que perdieron por culpa de este &#8220;Troll cabeza de diferencial&#8221; del tercer piso y de la d\u00e9bil rata de De$pre$iado.<br \/>\nALTURAS<br \/>\nLa que de plano ya se le &#8220;subi\u00f3&#8221; el puesto y eso que gan\u00f3 de chiripa la dipu local, porque ni en su casa la conocen; fue la dipu &#8220;Delfin Betty&#8221;, antes de Morena y ahora quesque independiente; imag\u00ednense que mientras se le quiere dar a conocer en lo que ser\u00e1 buena parte de su distrito, pues la &#8220;\u00f1ora&#8221; tiene la agenda saturada raza!!! Ustedes creen que en el primer d\u00eda eso pueda ser posible??? Pues no, pero bueno ella si tiene agenda llena raza.<br \/>\nCOQUETONA<br \/>\nY pues aparte no atiende a cualquiera eh! Ya que siendo caballeros primero los &#8220;escanea&#8221; de arriba a abajo (buscando no s\u00e9 qu\u00e9 cosa por cierto) y si no hay nada de &#8220;su agrado&#8221;, pues nom\u00e1s no te atiende jejeje a lo mejor resulta querendona como la profe gordillo, que dec\u00edan, dec\u00edan eh! A m\u00ed no me consta, que ten\u00eda debilidad por los jovenzuelos compis, habr\u00e1 que estar al pendiente jejeje.<br \/>\nHIPOCRITA<br \/>\nY resulta que se hace la digna que porque en el Congre no le.quieren dar &#8220;ofis&#8221; seg\u00fan ella para la fracci\u00f3n &#8220;independiente&#8221;, como si no supi\u00e9ramos que la jugada es pa\u2019 &#8220;negociar&#8221; su voto sola, sin tener que pedir opini\u00f3n a la fracci\u00f3n como se hace casi siempre. Nos ve cara de sonsos esta mujer que tiene el descaro de decir que su distrito la eligi\u00f3 jejeje cuando aqu\u00ed en C\u00e1diz ni la conocen.<br \/>\nEFECTO AMLO<br \/>\nSi lleg\u00f3 a la cur\u00fal de pura chiripa, porque mi compi AMLO tra\u00eda todo el power, si no ni quien la &#8220;fume&#8221;.<br \/>\nOFRECIDO<br \/>\nY ya terminando mi reporte raza, el que anda de \u201cofrecido\u201d es el \u201cGordisemaf\u00f3ro Cosmito Leal\u201d, quesque queriendo asesorar a los nuevos \u201cdip\u00fateibol\u201d jejeje \u00bfc\u00f3mo ven? Si eso fuera, pues hubiera logrado algo de tantos exhortos que hizo y dem\u00e1s mientras fue \u201clegis\u201d \u00bfno creen? Ahora s\u00ed como no halla de qu\u00e9 \u201chueso\u201d agarrarse pues anda ah\u00ed de \u201cofrecido\u201d, yo creo ya la \u201cPresi\u201d de C\u00e1diz la vio m\u00e1s perdida que nada, por eso anda buscando \u201cnuevos aires\u201d raza jejeje, en fin, mientras tanto yo me voy a buscar un sombrero porque mi mapachita sexy dizque me quiere ver muy mexicano, yo no s\u00e9 c\u00f3mo si aqu\u00ed a su servilleta lo europeo se le nota hasta en la respiraci\u00f3n jejeje \u00a1La vemos!<\/p>\n","protected":false},"excerpt":{"rendered":"<p>Por: El Mapache Pues bueno raza, empecemos esta columneja h\u00fameda jejeje que as\u00ed estuvo nuestro C\u00e1diz casi toda la semanuca. INUNDADOS Pues ya &#8220;sabanas&#8221; que nosotros aqu\u00ed con una &#8220;miada&#8221; de angel ya nos andamos ahogando jejeje aunque se reporte sin novedades el asunto. PLUVIALES La verdad es que es cuento de nunca acabar esto [&hellip;]<\/p>\n","protected":false},"author":9,"featured_media":155,"comment_status":"open","ping_status":"closed","sticky":false,"template":"","format":"standard","meta":{"footnotes":""},"categories":[1],"tags":[940],"class_list":["post-3585","post","type-post","status-publish","format-standard","has-post-thumbnail","hentry","category-noticias","tag-el-mapache-la-guarida-del-mapache"],"_links":{"self":[{"href":"https:\/\/laultimapalabra.com.mx\/portal\/wp-json\/wp\/v2\/posts\/3585","targetHints":{"allow":["GET"]}}],"collection":[{"href":"https:\/\/laultimapalabra.com.mx\/portal\/wp-json\/wp\/v2\/posts"}],"about":[{"href":"https:\/\/laultimapalabra.com.mx\/portal\/wp-json\/wp\/v2\/types\/post"}],"author":[{"embeddable":true,"href":"https:\/\/laultimapalabra.com.mx\/portal\/wp-json\/wp\/v2\/users\/9"}],"replies":[{"embeddable":true,"href":"https:\/\/laultimapalabra.com.mx\/portal\/wp-json\/wp\/v2\/comments?post=3585"}],"version-history":[{"count":1,"href":"https:\/\/laultimapalabra.com.mx\/portal\/wp-json\/wp\/v2\/posts\/3585\/revisions"}],"predecessor-version":[{"id":64939,"href":"https:\/\/laultimapalabra.com.mx\/portal\/wp-json\/wp\/v2\/posts\/3585\/revisions\/64939"}],"wp:featuredmedia":[{"embeddable":true,"href":"https:\/\/laultimapalabra.com.mx\/portal\/wp-json\/"}],"wp:attachment":[{"href":"https:\/\/laultimapalabra.com.mx\/portal\/wp-json\/wp\/v2\/media?parent=3585"}],"wp:term":[{"taxonomy":"category","embeddable":true,"href":"https:\/\/laultimapalabra.com.mx\/portal\/wp-json\/wp\/v2\/categories?post=3585"},{"taxonomy":"post_tag","embeddable":true,"href":"https:\/\/laultimapalabra.com.mx\/portal\/wp-json\/wp\/v2\/tags?post=3585"}],"curies":[{"name":"wp","href":"https:\/\/api.w.org\/{rel}","templated":true}]}}