                       {"id":35926,"date":"2023-01-04T20:10:12","date_gmt":"2023-01-05T02:10:12","guid":{"rendered":"https:\/\/laultimapalabra.com.mx\/portal\/?p=35926"},"modified":"2024-12-11T10:40:27","modified_gmt":"2024-12-11T16:40:27","slug":"uno-de-los-reos-del-cereso-de-cd-juarez-es-captado-huyendo-hacia-la-frontera-con-eu","status":"publish","type":"post","link":"https:\/\/laultimapalabra.com.mx\/portal\/uno-de-los-reos-del-cereso-de-cd-juarez-es-captado-huyendo-hacia-la-frontera-con-eu\/","title":{"rendered":"Uno de los reos del Cereso de CD. Ju\u00e1rez es captado huyendo hacia la frontera con EU\u00a0"},"content":{"rendered":"<p><span style=\"font-size: 1rem;\">Ciudad de M\u00e9xico.- Uno de los reos que se fug\u00f3 del Centro de Reinserci\u00f3n Social (Cereso) n\u00famero 3 en Ciudad Ju\u00e1rez, Chihuahua, intent\u00f3 cruzar hacia los Estados Unidos, inform\u00f3 el Gobierno del Estado.<\/span><\/p>\n<p>De acuerdo con un comunicado emitido por la Secretar\u00eda de Seguridad P\u00fablica (SSP) de Chihuahua, las c\u00e1maras del penal captaron la imagen de uno de los reclusos que escap\u00f3 y busc\u00f3 su hu\u00edda hacia la l\u00ednea fronteriza hacia Estados Unidos.<\/p>\n<p>Debido a este suceso, el Gobierno chihuahuense se comunic\u00f3 con las autoridades de El Paso, Texas, para compartir la informaci\u00f3n correspondiente y coordinar un operativo conjunto para su b\u00fasqueda en ambos lados de la frontera.<\/p>\n<p>La dependencia estatal explic\u00f3 que dicho material es \u201cel primer rastro que se tiene de los reos que escaparon el pasado 1 de enero, y se espera que en breve sean detectados m\u00e1s sospechosos para dar con sus ubicaciones\u201d.<\/p>\n<p>El primer d\u00eda del 2023 qued\u00f3 marcado por una fuga masiva de reos que moviliz\u00f3 a las distintas corporaciones policiacas y que dej\u00f3 como saldo 17 muertos (10 custodios y 7 reos), 13 heridos y al menos 27 reos evadidos, seg\u00fan datos de la Fiscal\u00eda General del Estado (FGE); para recuperar el control del penal fue necesaria la intervenci\u00f3n de la Sedena.<\/p>\n<p>Ernesto Alfredo Pi\u00f1\u00f3n De la Cruz, l\u00edder del grupo delictivo \u201cLos Mexicles\u201d, se fug\u00f3 del Cereso n\u00famero 3, en el segundo intento realizado en menos de cinco meses, ya que el 11 de agosto del 2022 ocurri\u00f3 el primero, seg\u00fan versiones extraoficiales.<\/p>\n<p>Este martes, la FGE de Chihuahua inform\u00f3 el traslado de 191 reclusos que se encontraban en el Cereso 3, ubicado en Ciudad Ju\u00e1rez, por delitos de alto impacto, luego del violento mot\u00edn del pasado 1 de enero, donde 17 personas fueran privadas de la vida y 30 presos se fugaran, lo que deriv\u00f3 m\u00e1s tarde tambi\u00e9n en el hallazgo de celdas \u201cVIP\u201d y en el cese del director Alejandro Alvarado T\u00e9llez.<\/p>\n<p>De acuerdo con la Fiscal\u00eda de Chihuahua, el operativo se realiz\u00f3 en coordinaci\u00f3n con la Secretar\u00eda de la Defensa Nacional (Sedena), de la Guardia Nacional, de la Secretar\u00eda de Seguridad P\u00fablica del Estado (SSPE), de la Agencia Estatal de Investigaci\u00f3n y de la Polic\u00eda de Seguridad y Custodia Penitenciaria.<\/p>\n<p>El traslado empez\u00f3 durante la madrugada de este martes, cuando elementos de la SSPE de Chihuahua recogieron a los 191 reos del Cereso, llevados por el \u00e1rea de la Ciudad Judicial, con destino al Aeropuerto Internacional Abraham Gonz\u00e1lez, en Ciudad Ju\u00e1rez, donde se redireccionar\u00e1n a cinco penales de alta seguridad en distintos estados.<\/p>\n<p>De acuerdo con la Direcci\u00f3n General de Sistema Penitenciario, Prevenci\u00f3n y Reinserci\u00f3n social, los delitos por los que dichas personas se encuentran en situaci\u00f3n de internamiento son: homicidio, secuestro, portaci\u00f3n de arma de fuego, violaci\u00f3n y crimen organizado.<\/p>\n<p>Se presume que un alto n\u00famero de los reos son de la c\u00e9lula criminal \u201cLos Mexicles\u201d, grupo al que presuntamente pertenecen Ernesto \u201cN\u201d, alias \u201cEl Neto\u201d, y C\u00e9sar \u201cN\u201d, apodado \u201cChil\u00edn\u201d, l\u00edder y el principal subalterno de la banda, que lograron fugarse junto a m\u00e1s de 20 personas el pasado 1 de enero.<\/p>\n<p>FUENTE: SIN EMBARGO MX<\/p>\n","protected":false},"excerpt":{"rendered":"<p>Ciudad de M\u00e9xico.- Uno de los reos que se fug\u00f3 del Centro de Reinserci\u00f3n Social (Cereso) n\u00famero 3 en Ciudad Ju\u00e1rez, Chihuahua, intent\u00f3 cruzar hacia los Estados Unidos, inform\u00f3 el Gobierno del Estado. De acuerdo con un comunicado emitido por la Secretar\u00eda de Seguridad P\u00fablica (SSP) de Chihuahua, las c\u00e1maras del penal captaron la imagen [&hellip;]<\/p>\n","protected":false},"author":9,"featured_media":35927,"comment_status":"closed","ping_status":"closed","sticky":false,"template":"","format":"standard","meta":{"footnotes":""},"categories":[19],"tags":[5631,5632,5630,5629],"class_list":["post-35926","post","type-post","status-publish","format-standard","has-post-thumbnail","hentry","category-nacional","tag-chihuahua","tag-custodiosmuertos","tag-marucampos","tag-ntincerezodcd-juarez"],"_links":{"self":[{"href":"https:\/\/laultimapalabra.com.mx\/portal\/wp-json\/wp\/v2\/posts\/35926","targetHints":{"allow":["GET"]}}],"collection":[{"href":"https:\/\/laultimapalabra.com.mx\/portal\/wp-json\/wp\/v2\/posts"}],"about":[{"href":"https:\/\/laultimapalabra.com.mx\/portal\/wp-json\/wp\/v2\/types\/post"}],"author":[{"embeddable":true,"href":"https:\/\/laultimapalabra.com.mx\/portal\/wp-json\/wp\/v2\/users\/9"}],"replies":[{"embeddable":true,"href":"https:\/\/laultimapalabra.com.mx\/portal\/wp-json\/wp\/v2\/comments?post=35926"}],"version-history":[{"count":2,"href":"https:\/\/laultimapalabra.com.mx\/portal\/wp-json\/wp\/v2\/posts\/35926\/revisions"}],"predecessor-version":[{"id":80023,"href":"https:\/\/laultimapalabra.com.mx\/portal\/wp-json\/wp\/v2\/posts\/35926\/revisions\/80023"}],"wp:featuredmedia":[{"embeddable":true,"href":"https:\/\/laultimapalabra.com.mx\/portal\/wp-json\/wp\/v2\/media\/35927"}],"wp:attachment":[{"href":"https:\/\/laultimapalabra.com.mx\/portal\/wp-json\/wp\/v2\/media?parent=35926"}],"wp:term":[{"taxonomy":"category","embeddable":true,"href":"https:\/\/laultimapalabra.com.mx\/portal\/wp-json\/wp\/v2\/categories?post=35926"},{"taxonomy":"post_tag","embeddable":true,"href":"https:\/\/laultimapalabra.com.mx\/portal\/wp-json\/wp\/v2\/tags?post=35926"}],"curies":[{"name":"wp","href":"https:\/\/api.w.org\/{rel}","templated":true}]}}