                       {"id":35969,"date":"2023-01-05T18:30:17","date_gmt":"2023-01-06T00:30:17","guid":{"rendered":"https:\/\/laultimapalabra.com.mx\/portal\/?p=35969"},"modified":"2024-12-11T10:40:27","modified_gmt":"2024-12-11T16:40:27","slug":"informan-ssp-y-fuerzas-armadas-detalles-de-detencion-de-el-raton","status":"publish","type":"post","link":"https:\/\/laultimapalabra.com.mx\/portal\/informan-ssp-y-fuerzas-armadas-detalles-de-detencion-de-el-raton\/","title":{"rendered":"Informan SSP y Fuerzas Armadas detalles de detenci\u00f3n de &#8220;El Rat\u00f3n&#8221;\u00a0"},"content":{"rendered":"<p><span style=\"font-size: 1rem;\">Cdmx.- A las 12.45 del mediod\u00eda, la Secretar\u00eda de Seguridad P\u00fablica, Rosa Isela Rodr\u00edguez, el Comandante de la SEDENA, el General Luis Crescencio Sandoval y el Almirante Secretario de Marina, Rafael Ojeda Dur\u00e1n, ofrecieron una conferencia de Prensa en la Secretar\u00eda de Seguridad P\u00fablica Federal.<\/span><\/p>\n<p>Ah\u00ed, los funcionarios informaron que la madrugada del 5 de Enero, personal del Ej\u00e9rcito Mexicano, Guardia Nacional, del Centro Nacional de Inteligencia, la Fiscal\u00eda General de la Rep\u00fablica y la Secretar\u00eda de Seguridad P\u00fablica, detuvieron a Ovidio \u201cN\u201d presunto l\u00edder de la fracci\u00f3n los menores af\u00edn al C\u00e1rtel del Pac\u00edfico.<\/p>\n<p>Agreg\u00f3 que el personal militar al realizar reconocimientos terrestres llev\u00f3 a cabo la detenci\u00f3n de Ovidio \u201cN\u201d resultado de seis meses de trabajo de inteligencia y vigilancia en el \u00e1rea de influencia de este grupo criinal.<\/p>\n<p>Personal de la Guardia Nacional y SEDENA identificaron personas armadas y algunas en veh\u00edculos con alto blindaje. La Guardia Nacional se coordin\u00f3 con SEDENA, se estableci\u00f3 un sistema operativo y se estableci\u00f3 un cerco perimetral para la detenci\u00f3n e identificaci\u00f3n de estas personas.<\/p>\n<p>Personal de la Guardia Nacional y Ej\u00e9rcito Mexicano, intentaron persuadir sin \u00e9xito a los civiles armados que iban en los veh\u00edculos blindados, y en ese momento fueron objeto los oficiales de agresi\u00f3n armada. Ante esto, actuaron de conformidad a los protocolos de ley repeliendo la agresi\u00f3n.<\/p>\n<p>Al controlar la agresi\u00f3n directa detuvieron a los agresores, y se identific\u00f3 a Ovidio \u201cN\u201d y se les confisc\u00f3 armamento de uso exclusivo del ej\u00e9rcito.<\/p>\n<p>Posteriormente, al trascender la noticia, se realizaron 19 bloqueos y agresiones armadas en diferentes partes de la Ciudad de Culiac\u00e1n y el Aeropuerto, Se detectaron los bloqueos e incendio y se atendieron.<\/p>\n<p>El detenido fue trasladado a la Ciudad de M\u00e9xico desde el punto de su detenci\u00f3n en aeronaves de la Fuerza A\u00e9rea Mexicana y se procedi\u00f3 al restablecimiento del orden p\u00fablico.<\/p>\n<p>El hijo de Joaqu\u00edn Guzm\u00e1n Loera fue trasladado a la Fiscal\u00eda Especializada en Materia de Delincuencia Organizada para ser puesto a disposici\u00f3n del Ministerio P\u00fablico Federal y determinar su situaci\u00f3n jur\u00eddica.<\/p>\n<p>Esta detenci\u00f3n representa un golpe contundente a la c\u00fapula del poder del Cartel de Pac\u00edfico.<\/p>\n<p>Contin\u00faan las agresiones del grupo criminal y acciones para mantener el orden y paz p\u00fablicos.<\/p>\n<p>FUENTE: LA \u00daLTIMA PALABRA<\/p>\n","protected":false},"excerpt":{"rendered":"<p>Cdmx.- A las 12.45 del mediod\u00eda, la Secretar\u00eda de Seguridad P\u00fablica, Rosa Isela Rodr\u00edguez, el Comandante de la SEDENA, el General Luis Crescencio Sandoval y el Almirante Secretario de Marina, Rafael Ojeda Dur\u00e1n, ofrecieron una conferencia de Prensa en la Secretar\u00eda de Seguridad P\u00fablica Federal. Ah\u00ed, los funcionarios informaron que la madrugada del 5 de [&hellip;]<\/p>\n","protected":false},"author":9,"featured_media":35970,"comment_status":"closed","ping_status":"closed","sticky":false,"template":"","format":"standard","meta":{"footnotes":""},"categories":[19],"tags":[5642,5641,5638,5640,5637,5639],"class_list":["post-35969","post","type-post","status-publish","format-standard","has-post-thumbnail","hentry","category-nacional","tag-detenidoovidio","tag-elchapito","tag-elchapoguzman","tag-elraton","tag-ovidioguzman","tag-rubenrochamoya"],"_links":{"self":[{"href":"https:\/\/laultimapalabra.com.mx\/portal\/wp-json\/wp\/v2\/posts\/35969","targetHints":{"allow":["GET"]}}],"collection":[{"href":"https:\/\/laultimapalabra.com.mx\/portal\/wp-json\/wp\/v2\/posts"}],"about":[{"href":"https:\/\/laultimapalabra.com.mx\/portal\/wp-json\/wp\/v2\/types\/post"}],"author":[{"embeddable":true,"href":"https:\/\/laultimapalabra.com.mx\/portal\/wp-json\/wp\/v2\/users\/9"}],"replies":[{"embeddable":true,"href":"https:\/\/laultimapalabra.com.mx\/portal\/wp-json\/wp\/v2\/comments?post=35969"}],"version-history":[{"count":2,"href":"https:\/\/laultimapalabra.com.mx\/portal\/wp-json\/wp\/v2\/posts\/35969\/revisions"}],"predecessor-version":[{"id":80043,"href":"https:\/\/laultimapalabra.com.mx\/portal\/wp-json\/wp\/v2\/posts\/35969\/revisions\/80043"}],"wp:featuredmedia":[{"embeddable":true,"href":"https:\/\/laultimapalabra.com.mx\/portal\/wp-json\/wp\/v2\/media\/35970"}],"wp:attachment":[{"href":"https:\/\/laultimapalabra.com.mx\/portal\/wp-json\/wp\/v2\/media?parent=35969"}],"wp:term":[{"taxonomy":"category","embeddable":true,"href":"https:\/\/laultimapalabra.com.mx\/portal\/wp-json\/wp\/v2\/categories?post=35969"},{"taxonomy":"post_tag","embeddable":true,"href":"https:\/\/laultimapalabra.com.mx\/portal\/wp-json\/wp\/v2\/tags?post=35969"}],"curies":[{"name":"wp","href":"https:\/\/api.w.org\/{rel}","templated":true}]}}