                       {"id":36085,"date":"2023-01-10T15:25:59","date_gmt":"2023-01-10T21:25:59","guid":{"rendered":"https:\/\/laultimapalabra.com.mx\/portal\/?p=36085"},"modified":"2024-12-11T10:40:28","modified_gmt":"2024-12-11T16:40:28","slug":"aprueba-cabildo-terreno-para-kinder-y-primaria-en-palmanova","status":"publish","type":"post","link":"https:\/\/laultimapalabra.com.mx\/portal\/aprueba-cabildo-terreno-para-kinder-y-primaria-en-palmanova\/","title":{"rendered":"Aprueba Cabildo terreno para k\u00ednder y primaria en Palmanova"},"content":{"rendered":"<p><span style=\"font-size: 1rem;\">Ju\u00e1rez, N.L.- Los regidores y s\u00edndicos de Ju\u00e1rez, aprobaron dar en comodato por 35 a\u00f1os, un terreno de m\u00e1s de siete hect\u00e1reas en la colonia Palmanova II, para la construcci\u00f3n de dos planteles escolares.<\/span><\/p>\n<p>El voto por unanimidad es con el fin de que en un plazo no mayor de tres a\u00f1os, se inicie la construcci\u00f3n de un jard\u00edn de ni\u00f1os y una escuela primaria en ese lugar, en el terreno que tendr\u00e1 en total una superficie de 7,447.36 metros cuadrados.<\/p>\n<p>El lote donde estar\u00e1n ambos planteles se encuentra en el lote 1 de la manzana 305 de la mencionada colonia, que se encuentra entre la colonia Mirador de San Antonio y el r\u00edo Santa Catarina.<\/p>\n","protected":false},"excerpt":{"rendered":"<p>Ju\u00e1rez, N.L.- Los regidores y s\u00edndicos de Ju\u00e1rez, aprobaron dar en comodato por 35 a\u00f1os, un terreno de m\u00e1s de siete hect\u00e1reas en la colonia Palmanova II, para la construcci\u00f3n de dos planteles escolares. El voto por unanimidad es con el fin de que en un plazo no mayor de tres a\u00f1os, se inicie la [&hellip;]<\/p>\n","protected":false},"author":9,"featured_media":36086,"comment_status":"closed","ping_status":"closed","sticky":false,"template":"","format":"standard","meta":{"footnotes":""},"categories":[18],"tags":[5676,3590,4214],"class_list":["post-36085","post","type-post","status-publish","format-standard","has-post-thumbnail","hentry","category-locales-juarez","tag-aprueban-terreno","tag-juarez-nl","tag-kinder"],"_links":{"self":[{"href":"https:\/\/laultimapalabra.com.mx\/portal\/wp-json\/wp\/v2\/posts\/36085","targetHints":{"allow":["GET"]}}],"collection":[{"href":"https:\/\/laultimapalabra.com.mx\/portal\/wp-json\/wp\/v2\/posts"}],"about":[{"href":"https:\/\/laultimapalabra.com.mx\/portal\/wp-json\/wp\/v2\/types\/post"}],"author":[{"embeddable":true,"href":"https:\/\/laultimapalabra.com.mx\/portal\/wp-json\/wp\/v2\/users\/9"}],"replies":[{"embeddable":true,"href":"https:\/\/laultimapalabra.com.mx\/portal\/wp-json\/wp\/v2\/comments?post=36085"}],"version-history":[{"count":2,"href":"https:\/\/laultimapalabra.com.mx\/portal\/wp-json\/wp\/v2\/posts\/36085\/revisions"}],"predecessor-version":[{"id":80101,"href":"https:\/\/laultimapalabra.com.mx\/portal\/wp-json\/wp\/v2\/posts\/36085\/revisions\/80101"}],"wp:featuredmedia":[{"embeddable":true,"href":"https:\/\/laultimapalabra.com.mx\/portal\/wp-json\/wp\/v2\/media\/36086"}],"wp:attachment":[{"href":"https:\/\/laultimapalabra.com.mx\/portal\/wp-json\/wp\/v2\/media?parent=36085"}],"wp:term":[{"taxonomy":"category","embeddable":true,"href":"https:\/\/laultimapalabra.com.mx\/portal\/wp-json\/wp\/v2\/categories?post=36085"},{"taxonomy":"post_tag","embeddable":true,"href":"https:\/\/laultimapalabra.com.mx\/portal\/wp-json\/wp\/v2\/tags?post=36085"}],"curies":[{"name":"wp","href":"https:\/\/api.w.org\/{rel}","templated":true}]}}