                       {"id":3615,"date":"2018-09-13T22:46:29","date_gmt":"2018-09-13T22:46:29","guid":{"rendered":"http:\/\/laultimapalabra.info\/?p=3615"},"modified":"2024-12-11T08:37:30","modified_gmt":"2024-12-11T14:37:30","slug":"no-mete-eduardo-leal-las-manos-por-preciado","status":"publish","type":"post","link":"https:\/\/laultimapalabra.com.mx\/portal\/no-mete-eduardo-leal-las-manos-por-preciado\/","title":{"rendered":"No mete Eduardo Leal las manos por Preciado"},"content":{"rendered":"<p><strong>*Se compromete diputado jimenense a investigar a fondo a actual administraci\u00f3n e impulsar su castigo si se hallan culpables<\/strong><\/p>\n<p style=\"text-align: justify;\"><img loading=\"lazy\" decoding=\"async\" class=\"size-medium wp-image-3616 alignright\" src=\"https:\/\/laultimapalabra.com.mx\/portal\/wp-content\/uploads\/2018\/09\/DSCN0393-225x300.jpg\" alt=\"\" width=\"225\" height=\"300\" \/>Miguel Oscar P\u00e9rez<br \/>\nCADEREYTA JIM\u00c9NEZ, N.L.-<br \/>\nEn entrevista exclusiva con este medio, el ahora diputado del distrito 26, Eduardo Leal Buenfil, se pronunci\u00f3 en que se buscar\u00e1 una investigaci\u00f3n a fondo y se castigue a quien resulte responsable, caiga quien caiga, en caso de hallar irregularidades en la actual administraci\u00f3n.<br \/>\nEn el primer cuestionamiento se le hace ver del esc\u00e1ndalo que se ha desatado la actual gesti\u00f3n emanada de su partido, como el donativo de Pemex, el donativo a una asociaci\u00f3n fantasma, l\u00e1s c\u00e1maras y ahora en mobiliario del museo pagados a precios de oro<br \/>\n\u201cBien, como lo hice desde que fui regidor los \u00faltimos tres a\u00f1os, y va a seguir siendo la misma postura ahora como diputado, es que a pesar o aunque la administraci\u00f3n tenga origen de un partido pol\u00edtico, nosotros como responsables o servidores p\u00fablicos, no vamos a solapar o a ser c\u00f3mplices de lo que este mal hecho, evidentemente todo lo que este mal hecho, darle una investigaci\u00f3n primeramente y segundo, un castigo para la autoridad responsable que haya ejecutado esa acci\u00f3n\u201d, se\u00f1al\u00f3 Leal Buenfil.<br \/>\nMencion\u00f3 que como regidor solicit\u00f3 auditor\u00edas sobre los temas mencionados y otros que salieron en varios medios de comunicaci\u00f3n, pero sigue con la misma postura de que se castigue si se encuentra alg\u00fan responsable.<br \/>\nArgument\u00f3 que en esta legislatura es que haya una transparencia total y que a pesar de la transparencia hay irregularidades que los responsables se castiguen y solo as\u00ed el ciudadano podr\u00e1 confiar, y no como el caso de Medina, quien a\u00fan se encuentra libre y a muchos funcionarios pr\u00f3fugos de la justicia.<br \/>\n\u00bfEst\u00e1s dispuesto a llegar al fondo de la investigaci\u00f3n de este tema?<br \/>\n\u201c\u00a1Claro! Y como t\u00fa lo dijiste inicialmente, es tambi\u00e9n una de mis prioridades por el cari\u00f1o que le tengo al municipio particularmente de Cadereyta, es muy grande. Ah\u00ed vive parte de mi familia, ah\u00ed viven mis pap\u00e1s, ah\u00ed vive mi abuelita, y a todos nos gustar\u00eda que adem\u00e1s de que haya una transparencia al fondo del asunto, pues que haya justicia\u201d. Enf\u00e1tico expres\u00f3.<br \/>\nHay un documento que lo firm\u00f3 la mayor\u00eda de los regidores del PAN, le exig\u00edan al alcalde la salida de Rafael Vivar, \u00bft\u00fa firmaste el documento?<br \/>\n\u201cSI\u201d.<br \/>\nR- \u00bfPor qu\u00e9 quer\u00edan que se saliera?<br \/>\n\u201cPorque en ese entonces \u00e9l era el responsable de la Secretar\u00eda de Administraci\u00f3n, y estaba muy latente el tema de la gasolina \u00bfrecuerdas? Muy cuestionado, en ese sentido ante la opacidad de la informaci\u00f3n que nosotros solicitamos, pues entonces exigimos la destituci\u00f3n del Secretario de Administraci\u00f3n. Como lo hicimos en su momento con varios ex tesoreros, que no cumplieron cabalmente su funci\u00f3n y pues nosotros solicitamos la destituci\u00f3n\u201d.<br \/>\nDijo que inicialmente ellos se opusieron al primer tesorero, entre otros funcionarios y que le dieron el voto de confianza al alcalde y cuando este fall\u00f3 de inmediato pidieron su destituci\u00f3n.<br \/>\n\u00bfY por qu\u00e9 no le dieron seguimiento Eduardo, cuando el alcalde no lo ech\u00f3 para fuera a Rafael Vivar? Lo acaban de dar de baja hace algunos dos meses, pero \u00e9l lo contin\u00fao dejando y continuaron los problemas administrativos, comenzaron a salir a flote otras cosas, entre ellas \u00e9l tuvo a su mano la participaci\u00f3n de lo del Museo de Oro \u00bfpor qu\u00e9 no le dieron seguimiento?<br \/>\n\u201cLo solicitamos por oficio, es decir, la prueba f\u00edsica esta, de que lo presentamos por oficio, incluso verbalmente se le propuso m\u00e1s veces al alcalde, pero pues la responsabilidad o quien ten\u00eda la facultad de decir se queda o se va, pues es el alcalde, por m\u00e1s que nosotros se lo presentamos por oficio y se lo dijimos en persona.<br \/>\n\u00bfEntonces el alcalde fue el que no quiso echarlo para fuera?<br \/>\n\u201cExactamente\u201d, contest\u00f3<br \/>\nSe le cuestion\u00f3 si aceptar\u00eda la solicitud de expulsi\u00f3n del alcalde del PAN, como algunos panistas lo est\u00e1n pidiendo<br \/>\n\u201cSi se llegara a comprobar a alg\u00fan militante del PAN incurrir en una responsabilidad administrativa, es decir que no cumpli\u00f3 con el c\u00f3digo de \u00e9tica y las dem\u00e1s obligaciones que tenemos en el partido, obviamente estoy totalmente de acuerdo que se siga un procedimiento y se sancione, pero mientras no est\u00e9 comprobado, ser\u00eda injusto.<br \/>\n\u00bfT\u00fa como regidor, encontraste sospechas de corrupci\u00f3n en la administraci\u00f3n del doctor Preciado?<br \/>\n\u201cEncontramos irregularidades\u201d, respondi\u00f3 y a\u00f1adi\u00f3 que no encontr\u00f3 nada que le constara<br \/>\nPor algo ped\u00edan la salida de Vivar, \u00bfverdad?<br \/>\n\u201cEvidentemente a ra\u00edz de las notas period\u00edsticas fue donde nosotros solicitamos las investigaciones, pero si\u00e9ndote sincero a m\u00ed nunca me const\u00f3 alg\u00fan hecho donde alguien haya incurrido en un hecho de corrupci\u00f3n, que yo pueda decir si, por esto.<br \/>\n\u00bfTe vas a meter a fondo en Cadereyta?<br \/>\n\u201cS\u00ed, claro\u201d.<br \/>\n\u00bfSi hay que \u201ccortar cabezas, se van a cortar cabezas\u201d?<br \/>\n\u201cNo depender\u00eda de m\u00ed, pero si lo impulsar\u00eda\u201d, respondi\u00f3.<br \/>\n\u00bfCaiga quien caiga?<br \/>\n\u201c\u00a1Caiga quien caiga!\u201d<br \/>\n\u00bfT\u00fa metes las manos al fuego por la honestidad de la actual administraci\u00f3n de Cadereyta?<br \/>\n\u201cYo meto las manos al fuego por mi participaci\u00f3n en la administraci\u00f3n s\u00ed, yo te puedo asegurar y que se investigue lo que se tenga que investigar: yo Lalo Leal, nunca comet\u00ed ning\u00fan acto il\u00edcito. Pero ya los dem\u00e1s funcionarios\u2026<br \/>\nPero t\u00fa eras Cabildo, yo estoy hablando de la administraci\u00f3n\u2026<br \/>\n\u201cNo pues yo no meto las manos al fuego por nadie que no sea de mi familia o que yo conozca \u00edntegramente\u201d, respondi\u00f3.<br \/>\n\u00bfNi aunque sea el alcalde?<br \/>\n\u201cNi aunque sea el alcalde, perd\u00f3n\u201d, termina el legislador panista la entrevista que se desarroll\u00f3 en su oficina en el Congreso.<\/p>\n","protected":false},"excerpt":{"rendered":"<p>*Se compromete diputado jimenense a investigar a fondo a actual administraci\u00f3n e impulsar su castigo si se hallan culpables Miguel Oscar P\u00e9rez CADEREYTA JIM\u00c9NEZ, N.L.- En entrevista exclusiva con este medio, el ahora diputado del distrito 26, Eduardo Leal Buenfil, se pronunci\u00f3 en que se buscar\u00e1 una investigaci\u00f3n a fondo y se castigue a quien [&hellip;]<\/p>\n","protected":false},"author":9,"featured_media":3617,"comment_status":"open","ping_status":"closed","sticky":false,"template":"","format":"standard","meta":{"footnotes":""},"categories":[18],"tags":[905,1691,1692],"class_list":["post-3615","post","type-post","status-publish","format-standard","has-post-thumbnail","hentry","category-locales-juarez","tag-eduardo-leal-buenfil","tag-pan","tag-pan-cadereyta"],"_links":{"self":[{"href":"https:\/\/laultimapalabra.com.mx\/portal\/wp-json\/wp\/v2\/posts\/3615","targetHints":{"allow":["GET"]}}],"collection":[{"href":"https:\/\/laultimapalabra.com.mx\/portal\/wp-json\/wp\/v2\/posts"}],"about":[{"href":"https:\/\/laultimapalabra.com.mx\/portal\/wp-json\/wp\/v2\/types\/post"}],"author":[{"embeddable":true,"href":"https:\/\/laultimapalabra.com.mx\/portal\/wp-json\/wp\/v2\/users\/9"}],"replies":[{"embeddable":true,"href":"https:\/\/laultimapalabra.com.mx\/portal\/wp-json\/wp\/v2\/comments?post=3615"}],"version-history":[{"count":1,"href":"https:\/\/laultimapalabra.com.mx\/portal\/wp-json\/wp\/v2\/posts\/3615\/revisions"}],"predecessor-version":[{"id":64955,"href":"https:\/\/laultimapalabra.com.mx\/portal\/wp-json\/wp\/v2\/posts\/3615\/revisions\/64955"}],"wp:featuredmedia":[{"embeddable":true,"href":"https:\/\/laultimapalabra.com.mx\/portal\/wp-json\/"}],"wp:attachment":[{"href":"https:\/\/laultimapalabra.com.mx\/portal\/wp-json\/wp\/v2\/media?parent=3615"}],"wp:term":[{"taxonomy":"category","embeddable":true,"href":"https:\/\/laultimapalabra.com.mx\/portal\/wp-json\/wp\/v2\/categories?post=3615"},{"taxonomy":"post_tag","embeddable":true,"href":"https:\/\/laultimapalabra.com.mx\/portal\/wp-json\/wp\/v2\/tags?post=3615"}],"curies":[{"name":"wp","href":"https:\/\/api.w.org\/{rel}","templated":true}]}}