                       {"id":36208,"date":"2023-01-12T16:51:47","date_gmt":"2023-01-12T22:51:47","guid":{"rendered":"https:\/\/laultimapalabra.com.mx\/portal\/?p=36208"},"modified":"2024-12-11T10:40:29","modified_gmt":"2024-12-11T16:40:29","slug":"promete-samuel-3-mil-500-millones-para-todos-los-municipios","status":"publish","type":"post","link":"https:\/\/laultimapalabra.com.mx\/portal\/promete-samuel-3-mil-500-millones-para-todos-los-municipios\/","title":{"rendered":"Promete Samuel $3 mil 500 millones para todos los Municipios\u00a0"},"content":{"rendered":"<p><span style=\"font-size: 1rem;\">Monterrey, N.L.- Al reunir a los Alcaldes metropolitanos para reactivar los trabajos de Mesa de Coordinaci\u00f3n, el Gobernador Samuel Garc\u00eda prometi\u00f3 que todos tendr\u00e1n recursos adicionales este a\u00f1o, y no s\u00f3lo quienes integraron el denominado Pacto por Nuevo Le\u00f3n.<\/span><\/p>\n<p>Ante los Alcaldes, Garc\u00eda afirm\u00f3 que habr\u00e1 3 mil 500 millones de pesos para distribuir hacia proyectos municipales de obra p\u00fablica y seguridad.<\/p>\n<p>&#8220;Tenemos el recurso y las atribuciones legales para resolver todos los temas que se nos presentan, y no s\u00f3lo resolverlos, sacarlos del cuadro con home run&#8221;, enfatiz\u00f3 el Gobernador.<\/p>\n<p>&#8220;Hoy se llegan a acuerdos pol\u00edticos, empieza a ejecutarse un mundo de obra p\u00fablica&#8221;, a\u00f1adi\u00f3, &#8220;empiecen a mandar proyectos&#8221;.<\/p>\n<p>El Gobernador no detall\u00f3 si dentro de los 3 mil 500 millones de pesos ofrecidos est\u00e1n los 2 mil 500 millones que se repartir\u00e1n s\u00f3lo los Alcaldes del Pacto por Nuevo Le\u00f3n.<\/p>\n<p>Se inform\u00f3 que el nuevo fondo pretende compensar la desaparici\u00f3n del Fondo Metropolitano federal, que durante a\u00f1os financi\u00f3 proyectos municipales de mediana inversi\u00f3n.<\/p>\n<p>FUENTE: EL NORTE<\/p>\n","protected":false},"excerpt":{"rendered":"<p>Monterrey, N.L.- Al reunir a los Alcaldes metropolitanos para reactivar los trabajos de Mesa de Coordinaci\u00f3n, el Gobernador Samuel Garc\u00eda prometi\u00f3 que todos tendr\u00e1n recursos adicionales este a\u00f1o, y no s\u00f3lo quienes integraron el denominado Pacto por Nuevo Le\u00f3n. Ante los Alcaldes, Garc\u00eda afirm\u00f3 que habr\u00e1 3 mil 500 millones de pesos para distribuir hacia [&hellip;]<\/p>\n","protected":false},"author":9,"featured_media":36209,"comment_status":"closed","ping_status":"closed","sticky":false,"template":"","format":"standard","meta":{"footnotes":""},"categories":[15],"tags":[5711,5710,5037],"class_list":["post-36208","post","type-post","status-publish","format-standard","has-post-thumbnail","hentry","category-estado","tag-3500millones","tag-inversion","tag-samuelgarcia"],"_links":{"self":[{"href":"https:\/\/laultimapalabra.com.mx\/portal\/wp-json\/wp\/v2\/posts\/36208","targetHints":{"allow":["GET"]}}],"collection":[{"href":"https:\/\/laultimapalabra.com.mx\/portal\/wp-json\/wp\/v2\/posts"}],"about":[{"href":"https:\/\/laultimapalabra.com.mx\/portal\/wp-json\/wp\/v2\/types\/post"}],"author":[{"embeddable":true,"href":"https:\/\/laultimapalabra.com.mx\/portal\/wp-json\/wp\/v2\/users\/9"}],"replies":[{"embeddable":true,"href":"https:\/\/laultimapalabra.com.mx\/portal\/wp-json\/wp\/v2\/comments?post=36208"}],"version-history":[{"count":2,"href":"https:\/\/laultimapalabra.com.mx\/portal\/wp-json\/wp\/v2\/posts\/36208\/revisions"}],"predecessor-version":[{"id":80161,"href":"https:\/\/laultimapalabra.com.mx\/portal\/wp-json\/wp\/v2\/posts\/36208\/revisions\/80161"}],"wp:featuredmedia":[{"embeddable":true,"href":"https:\/\/laultimapalabra.com.mx\/portal\/wp-json\/wp\/v2\/media\/36209"}],"wp:attachment":[{"href":"https:\/\/laultimapalabra.com.mx\/portal\/wp-json\/wp\/v2\/media?parent=36208"}],"wp:term":[{"taxonomy":"category","embeddable":true,"href":"https:\/\/laultimapalabra.com.mx\/portal\/wp-json\/wp\/v2\/categories?post=36208"},{"taxonomy":"post_tag","embeddable":true,"href":"https:\/\/laultimapalabra.com.mx\/portal\/wp-json\/wp\/v2\/tags?post=36208"}],"curies":[{"name":"wp","href":"https:\/\/api.w.org\/{rel}","templated":true}]}}