                       {"id":36316,"date":"2023-01-16T16:50:08","date_gmt":"2023-01-16T22:50:08","guid":{"rendered":"https:\/\/laultimapalabra.com.mx\/portal\/?p=36316"},"modified":"2024-12-11T10:40:29","modified_gmt":"2024-12-11T16:40:29","slug":"vigilaran-diputados-cejum-de-cadereyta","status":"publish","type":"post","link":"https:\/\/laultimapalabra.com.mx\/portal\/vigilaran-diputados-cejum-de-cadereyta\/","title":{"rendered":"Vigilar\u00e1n diputados Cejum de Cadereyta"},"content":{"rendered":"<p><span style=\"font-size: 1rem;\">Monterrey, N.L.- Esta ma\u00f1ana, en conferencia de prensa de los diputados de Movimiento Ciudadano, la vicecoordinadora de la bancada naranja, Sandra P\u00e1manes, se comprometi\u00f3 a dar seguimiento al CEJUM de Cadereyta para que vuelva a las funciones de defensa de la mujer.<\/span><\/p>\n<p>La legisladora remarc\u00f3 que las funciones espec\u00edficas del Centro de Justicia Municipal era la procuraraci\u00f3n de justicia de g\u00e9nero y que su funci\u00f3n no deb\u00eda ser desviado en ninguna instancia, ya que Cadereyta se encuentra entre los cinco municipios con m\u00e1s violencia de g\u00e9nero en el estado.<\/p>\n<p>Entre los temas que se abordaron como prioritarios en la agenda legislativa efectista, se encuentra Movilidad, Agua, Seguridad y de la Mujer, entre otros.<\/p>\n","protected":false},"excerpt":{"rendered":"<p>Monterrey, N.L.- Esta ma\u00f1ana, en conferencia de prensa de los diputados de Movimiento Ciudadano, la vicecoordinadora de la bancada naranja, Sandra P\u00e1manes, se comprometi\u00f3 a dar seguimiento al CEJUM de Cadereyta para que vuelva a las funciones de defensa de la mujer. La legisladora remarc\u00f3 que las funciones espec\u00edficas del Centro de Justicia Municipal era [&hellip;]<\/p>\n","protected":false},"author":9,"featured_media":36317,"comment_status":"closed","ping_status":"closed","sticky":false,"template":"","format":"standard","meta":{"footnotes":""},"categories":[15],"tags":[3840,516,4703],"class_list":["post-36316","post","type-post","status-publish","format-standard","has-post-thumbnail","hentry","category-estado","tag-cadereyta-jimenez-nl","tag-cejum","tag-diputados"],"_links":{"self":[{"href":"https:\/\/laultimapalabra.com.mx\/portal\/wp-json\/wp\/v2\/posts\/36316","targetHints":{"allow":["GET"]}}],"collection":[{"href":"https:\/\/laultimapalabra.com.mx\/portal\/wp-json\/wp\/v2\/posts"}],"about":[{"href":"https:\/\/laultimapalabra.com.mx\/portal\/wp-json\/wp\/v2\/types\/post"}],"author":[{"embeddable":true,"href":"https:\/\/laultimapalabra.com.mx\/portal\/wp-json\/wp\/v2\/users\/9"}],"replies":[{"embeddable":true,"href":"https:\/\/laultimapalabra.com.mx\/portal\/wp-json\/wp\/v2\/comments?post=36316"}],"version-history":[{"count":2,"href":"https:\/\/laultimapalabra.com.mx\/portal\/wp-json\/wp\/v2\/posts\/36316\/revisions"}],"predecessor-version":[{"id":80213,"href":"https:\/\/laultimapalabra.com.mx\/portal\/wp-json\/wp\/v2\/posts\/36316\/revisions\/80213"}],"wp:featuredmedia":[{"embeddable":true,"href":"https:\/\/laultimapalabra.com.mx\/portal\/wp-json\/wp\/v2\/media\/36317"}],"wp:attachment":[{"href":"https:\/\/laultimapalabra.com.mx\/portal\/wp-json\/wp\/v2\/media?parent=36316"}],"wp:term":[{"taxonomy":"category","embeddable":true,"href":"https:\/\/laultimapalabra.com.mx\/portal\/wp-json\/wp\/v2\/categories?post=36316"},{"taxonomy":"post_tag","embeddable":true,"href":"https:\/\/laultimapalabra.com.mx\/portal\/wp-json\/wp\/v2\/tags?post=36316"}],"curies":[{"name":"wp","href":"https:\/\/api.w.org\/{rel}","templated":true}]}}