                       {"id":3633,"date":"2018-09-13T22:45:26","date_gmt":"2018-09-13T22:45:26","guid":{"rendered":"http:\/\/laultimapalabra.info\/?p=3633"},"modified":"2024-12-11T08:37:30","modified_gmt":"2024-12-11T14:37:30","slug":"construiran-centro-de-justicia-para-la-mujer","status":"publish","type":"post","link":"https:\/\/laultimapalabra.com.mx\/portal\/construiran-centro-de-justicia-para-la-mujer\/","title":{"rendered":"Construir\u00e1n Centro de Justicia Para la Mujer"},"content":{"rendered":"<p style=\"text-align: justify;\">*La nueva dependencia estar\u00e1 ubicada en la colonia Vistas del R\u00edo y ser\u00e1 construido con una inversi\u00f3n de m\u00e1s de 6 millones de pesos.<\/p>\n<p style=\"text-align: justify;\"><img loading=\"lazy\" decoding=\"async\" class=\"size-medium wp-image-3634 alignright\" src=\"https:\/\/laultimapalabra.com.mx\/portal\/wp-content\/uploads\/2018\/09\/1-5-300x225.jpg\" alt=\"\" width=\"300\" height=\"225\" \/> CD. BENITO JU\u00c1REZ, N.L.-<br \/>\nEn etapa de licitaci\u00f3n se encuentra lo que ser\u00e1 el Centro de Justicia para la Mujer en esta ciudad del cual se proyecta el arranque de construcci\u00f3n el pr\u00f3ximo mes de octubre.<br \/>\nLa inversi\u00f3n total entre lo que ser\u00e1 el edificio, mobiliario, y dos veh\u00edculos es de 6 millones 373 mil 645 pesos de los cuales 4 millones 913 mil 145.52 pesos son para el edificio que estar\u00e1 ubicado en un terreno con una superficie de 3,293 metros cuadrados en la calle Anacua 198 de la colonia Vistas del R\u00edo.<br \/>\nLa directora del Instituto Municipal de la Mujer, Leticia Mart\u00ednez Malacara, inform\u00f3 que ya se adquirieron los dos veh\u00edculos que servir\u00e1n para el traslado de las v\u00edctimas de delitos de g\u00e9nero en esta ciudad.<br \/>\nUn auto Yaris y una camioneta Avanza, ya se encuentran en el Instituto, esperando la obra de construcci\u00f3n y equipamiento del centro de justicia pro f\u00e9minas<br \/>\n<img loading=\"lazy\" decoding=\"async\" class=\"size-medium wp-image-3635 alignleft\" src=\"https:\/\/laultimapalabra.com.mx\/portal\/wp-content\/uploads\/2018\/09\/2-5-300x225.jpg\" alt=\"\" width=\"300\" height=\"225\" \/>Los recursos ya est\u00e1n en poder del municipio y ser\u00e1 esta pr\u00f3xima semana cuando se tenga el fallo de la constructora a la que se le adjudicar\u00e1 la construcci\u00f3n de la esperada dependencia, \u00fanica en su g\u00e9nero.<br \/>\nEl centro de Justicia ser\u00e1 apoyado en forma bipartita con el Gobierno Estatal, pero su personal ser\u00e1 municipal al igual que su titular y contar\u00e1 con diversos servicios como apoyo psicol\u00f3gico, asesor\u00eda legal, trabajo social y m\u00e9dico con asistencia de una enfermera.<br \/>\nAdem\u00e1s se realizar\u00e1n tr\u00e1mites con la Fiscal\u00eda General y la pr\u00f3xima semana se buscar\u00e1 que se incluya una extensi\u00f3n del CODE para evitar p\u00e9rdidas de tiempo en traslados.<br \/>\nCon esto se busca disminuir la violencia en el municipio, que se concentre todo en un solo lugar que la ciudadan\u00eda sepa a d\u00f3nde acudir, un lugar donde se contar\u00e1n con salas de capacitaci\u00f3n para empoderar a la mujer que sufre violencia.<\/p>\n","protected":false},"excerpt":{"rendered":"<p>*La nueva dependencia estar\u00e1 ubicada en la colonia Vistas del R\u00edo y ser\u00e1 construido con una inversi\u00f3n de m\u00e1s de 6 millones de pesos. CD. BENITO JU\u00c1REZ, N.L.- En etapa de licitaci\u00f3n se encuentra lo que ser\u00e1 el Centro de Justicia para la Mujer en esta ciudad del cual se proyecta el arranque de construcci\u00f3n [&hellip;]<\/p>\n","protected":false},"author":9,"featured_media":3636,"comment_status":"open","ping_status":"closed","sticky":false,"template":"","format":"standard","meta":{"footnotes":""},"categories":[18,7],"tags":[516,530,1188],"class_list":["post-3633","post","type-post","status-publish","format-standard","has-post-thumbnail","hentry","category-locales-juarez","category-portada-juarez","tag-cejum","tag-centro-de-justicia-para-la-mujer","tag-heriberto-trevino-cantu"],"_links":{"self":[{"href":"https:\/\/laultimapalabra.com.mx\/portal\/wp-json\/wp\/v2\/posts\/3633","targetHints":{"allow":["GET"]}}],"collection":[{"href":"https:\/\/laultimapalabra.com.mx\/portal\/wp-json\/wp\/v2\/posts"}],"about":[{"href":"https:\/\/laultimapalabra.com.mx\/portal\/wp-json\/wp\/v2\/types\/post"}],"author":[{"embeddable":true,"href":"https:\/\/laultimapalabra.com.mx\/portal\/wp-json\/wp\/v2\/users\/9"}],"replies":[{"embeddable":true,"href":"https:\/\/laultimapalabra.com.mx\/portal\/wp-json\/wp\/v2\/comments?post=3633"}],"version-history":[{"count":1,"href":"https:\/\/laultimapalabra.com.mx\/portal\/wp-json\/wp\/v2\/posts\/3633\/revisions"}],"predecessor-version":[{"id":64961,"href":"https:\/\/laultimapalabra.com.mx\/portal\/wp-json\/wp\/v2\/posts\/3633\/revisions\/64961"}],"wp:featuredmedia":[{"embeddable":true,"href":"https:\/\/laultimapalabra.com.mx\/portal\/wp-json\/"}],"wp:attachment":[{"href":"https:\/\/laultimapalabra.com.mx\/portal\/wp-json\/wp\/v2\/media?parent=3633"}],"wp:term":[{"taxonomy":"category","embeddable":true,"href":"https:\/\/laultimapalabra.com.mx\/portal\/wp-json\/wp\/v2\/categories?post=3633"},{"taxonomy":"post_tag","embeddable":true,"href":"https:\/\/laultimapalabra.com.mx\/portal\/wp-json\/wp\/v2\/tags?post=3633"}],"curies":[{"name":"wp","href":"https:\/\/api.w.org\/{rel}","templated":true}]}}