                       {"id":36341,"date":"2023-01-17T17:48:46","date_gmt":"2023-01-17T23:48:46","guid":{"rendered":"https:\/\/laultimapalabra.com.mx\/portal\/?p=36341"},"modified":"2024-12-11T10:40:30","modified_gmt":"2024-12-11T16:40:30","slug":"garcia-luna-al-banquillo-el-juicio-del-super-policia-de-calderon-inicia-en-eu","status":"publish","type":"post","link":"https:\/\/laultimapalabra.com.mx\/portal\/garcia-luna-al-banquillo-el-juicio-del-super-policia-de-calderon-inicia-en-eu\/","title":{"rendered":"Garcia Luna al banquillo: El juicio del &#8220;Super Policia&#8221; de Calder\u00f3n inicia en EU"},"content":{"rendered":"<p><span style=\"font-size: 1rem;\">Ciudad de M\u00e9xico.- La espera ha llegado a su fin. El juicio contra Genaro Garc\u00eda Luna iniciar\u00e1 este martes en Nueva York. El Secretario de Seguridad P\u00fablica de Felipe Calder\u00f3n Hinojosa es acusado por la Fiscal\u00eda de tener nexos contra el crimen organizado, el cual dec\u00eda combatir desde su posici\u00f3n como uno de los principales responsables de la estrategia de seguridad de esos a\u00f1os.<\/span><\/p>\n<p>Las audiencias, en las que el funcionario mexicano de m\u00e1s alto perfil ser\u00e1 enjuiciado por narcotr\u00e1fico en Estados Unidos, est\u00e1n programadas en punto de las 09:00 horas de la zona Este de Estados Unidos. Horas antes, un video captaba a su jefe, el expresidente Felipe Calder\u00f3n Hinojosa, cantando \u201cUn velero llamado Libertad\u201d, de Jos\u00e9 Luis Perales, y \u201cEl martes me fusilan\u201d, de Vicente Fern\u00e1ndez.<\/p>\n<p>El proceso penal contra Garc\u00eda Luna ha sido presidido por el Juez Brian Cogan, quien sentenci\u00f3 a Joaqu\u00edn \u201cEl Chapo\u201d Guzm\u00e1n; el mismo que conden\u00f3 a Muhamad Mahmoud Al Farekh, del grupo terrorista Al Qaeda, y el mismo que, en el a\u00f1o 2013, fall\u00f3 contra la Iglesia Cat\u00f3lica al se\u00f1alar que \u00e9sta no deb\u00eda proveer de m\u00e9todos anticonceptivos por una cuesti\u00f3n de libertad religiosa.<\/p>\n<p>La selecci\u00f3n final de las 12 personas que conformar\u00e1n el jurado es el paso previo a que arranquen las audiencias en las que tanto la Fiscal\u00eda de Brooklyn, como la defensa del acusado, encabezada por el abogado C\u00e9sar del Castro, presentar\u00e1n las pruebas durante el juicio en el que los fiscales estadounidenses tratar\u00e1n de demostrar que el funcionario ten\u00eda nexos con el crimen organizado desde el a\u00f1o 2001 hasta el a\u00f1o 2020, pero tambi\u00e9n que aprovech\u00f3 sus conexiones para su propios beneficios y enriquecerse.<\/p>\n<p>A m\u00e1s de tres a\u00f1os de haber sido detenido, Garc\u00eda Luna ha insistido en que es inocente y se ha negado a negociar con la Fiscal\u00eda de Brooklyn. Al ir a juicio, la pena que podr\u00eda enfrentar, de ser hallado culpable, ser\u00eda de cadena perpetua o una m\u00ednima de 10 a\u00f1os de prisi\u00f3n.<\/p>\n<p>Recibir millones de d\u00f3lares en sobornos por parte del C\u00e1rtel de Sinaloa a cambio de que la organizaci\u00f3n criminal pudiera operar en el territorio mexicano, mentir a las autoridades y haberse enriquecido de manera il\u00edcita son parte de las acusaciones que enfrenta \u201cel arquitecto\u201d de la estrategia contra el crimen organizado en el sexenio de Felipe Calder\u00f3n.<\/p>\n<p>La Fiscal\u00eda estadounidense ha asegurado que cuenta con casi un mill\u00f3n de p\u00e1ginas como documentaci\u00f3n de evidencia.<\/p>\n<p>FUENTE: SIN EMBARGO MX<\/p>\n<p>&nbsp;<\/p>\n","protected":false},"excerpt":{"rendered":"<p>Ciudad de M\u00e9xico.- La espera ha llegado a su fin. El juicio contra Genaro Garc\u00eda Luna iniciar\u00e1 este martes en Nueva York. El Secretario de Seguridad P\u00fablica de Felipe Calder\u00f3n Hinojosa es acusado por la Fiscal\u00eda de tener nexos contra el crimen organizado, el cual dec\u00eda combatir desde su posici\u00f3n como uno de los principales [&hellip;]<\/p>\n","protected":false},"author":9,"featured_media":36342,"comment_status":"closed","ping_status":"closed","sticky":false,"template":"","format":"standard","meta":{"footnotes":""},"categories":[19],"tags":[5755,5752,5754,5753],"class_list":["post-36341","post","type-post","status-publish","format-standard","has-post-thumbnail","hentry","category-nacional","tag-fiscalianuevayork","tag-garcialuna","tag-juicio","tag-juiciogarcialuna"],"_links":{"self":[{"href":"https:\/\/laultimapalabra.com.mx\/portal\/wp-json\/wp\/v2\/posts\/36341","targetHints":{"allow":["GET"]}}],"collection":[{"href":"https:\/\/laultimapalabra.com.mx\/portal\/wp-json\/wp\/v2\/posts"}],"about":[{"href":"https:\/\/laultimapalabra.com.mx\/portal\/wp-json\/wp\/v2\/types\/post"}],"author":[{"embeddable":true,"href":"https:\/\/laultimapalabra.com.mx\/portal\/wp-json\/wp\/v2\/users\/9"}],"replies":[{"embeddable":true,"href":"https:\/\/laultimapalabra.com.mx\/portal\/wp-json\/wp\/v2\/comments?post=36341"}],"version-history":[{"count":2,"href":"https:\/\/laultimapalabra.com.mx\/portal\/wp-json\/wp\/v2\/posts\/36341\/revisions"}],"predecessor-version":[{"id":80227,"href":"https:\/\/laultimapalabra.com.mx\/portal\/wp-json\/wp\/v2\/posts\/36341\/revisions\/80227"}],"wp:featuredmedia":[{"embeddable":true,"href":"https:\/\/laultimapalabra.com.mx\/portal\/wp-json\/wp\/v2\/media\/36342"}],"wp:attachment":[{"href":"https:\/\/laultimapalabra.com.mx\/portal\/wp-json\/wp\/v2\/media?parent=36341"}],"wp:term":[{"taxonomy":"category","embeddable":true,"href":"https:\/\/laultimapalabra.com.mx\/portal\/wp-json\/wp\/v2\/categories?post=36341"},{"taxonomy":"post_tag","embeddable":true,"href":"https:\/\/laultimapalabra.com.mx\/portal\/wp-json\/wp\/v2\/tags?post=36341"}],"curies":[{"name":"wp","href":"https:\/\/api.w.org\/{rel}","templated":true}]}}