                       {"id":36412,"date":"2023-01-19T13:53:14","date_gmt":"2023-01-19T19:53:14","guid":{"rendered":"https:\/\/laultimapalabra.com.mx\/portal\/?p=36412"},"modified":"2024-12-11T10:40:30","modified_gmt":"2024-12-11T16:40:30","slug":"aseguran-que-genaro-garcia-luna-entregara-a-felipe-calderon-durante-juicio-en-eu-es-su-unica-posibilidad","status":"publish","type":"post","link":"https:\/\/laultimapalabra.com.mx\/portal\/aseguran-que-genaro-garcia-luna-entregara-a-felipe-calderon-durante-juicio-en-eu-es-su-unica-posibilidad\/","title":{"rendered":"Aseguran que Genaro Garcia Luna entregar\u00e1 a Felipe Calder\u00f3n durante juicio en EU: &#8220;Es su \u00fanica posibilidad&#8221;\u00a0"},"content":{"rendered":"<p><span style=\"font-size: 1rem;\">EUA.- Aseguran que Genaro Garc\u00eda Luna entregar\u00e1 al expresidente Felipe Calder\u00f3n durante su juicio en Estados Unidos: \u201ces su \u00fanica posibilidad\u201d, dicen.<\/span><\/p>\n<p>En entrevista, el exjefe de la Polic\u00eda Federal, Javier Herrera Valles, se\u00f1al\u00f3 la complicidad de Genaro Garc\u00eda Luna, exsecretario de Seguridad P\u00fablica, y el expresidente Felipe Calder\u00f3n; \u201cera su consentido\u201d, dijo.<\/p>\n<p>En ese sentido, el exfuncionario judicial mencion\u00f3 que Felipe Calder\u00f3n s\u00ed estaba al tanto de los tratos de Garc\u00eda Luna y que era parte, pues \u201cquer\u00eda asegurar su futuro\u201d.<\/p>\n<p>Javier Herrera Valles asegur\u00f3 que \u00e9l no tiene la menor duda de que Genaro Garc\u00eda Luna va a delatar a \u201csus jefes\u201d ante las autoridades de Estados Unidos, es decir a Felipe Calder\u00f3n y Vicente Fox.<\/p>\n<p>Ya que, acorde a sus palabras, entregarlos es la \u00fanica oportunidad que tiene para reducir su pena, situaci\u00f3n que no dejar\u00e1 pasar, pues dijo \u201ces una persona audaz e inteligente en esa parte\u201d.<\/p>\n<p>\u201cVa a sacarle provecho a todas las expectativas que ha estado causando est\u00e1 situaci\u00f3n (&#8230;)<\/p>\n<p>Para salvarse el pellejo va a declarar, por lo menos, en contra de Felipe Calder\u00f3n y quiz\u00e1 contra Vicente Fox\u201d.<\/p>\n<p>Las declaraciones de Herrera Valles, se dan en un contexto en el que el exfuncionario judicial sirvi\u00f3 como testigo de los actos de corrupci\u00f3n que realiz\u00f3 Garc\u00eda Luna durante su estad\u00eda en la Secretaria de Seguridad, en el sexenio de Felipe Calder\u00f3n.<\/p>\n<p>Cabe destacar que inclusive, Herrera Valles fue detenido por delincuencia organizada tras se\u00f1alar a Felipe Calder\u00f3n las acciones que realizaba Genaro Garc\u00eda Luna, sin embargo, acusa que el exmandatario sab\u00eda todo y lo mand\u00f3 arrestar.<\/p>\n<p>Actualmente, Valles fue absuelto de los cargos que exist\u00edan en su contra y liberado hace algunos a\u00f1os, sin embargo, tras presuntos ataques contra \u00e9l, se determin\u00f3 otorgarle medidas de protecci\u00f3n, las cuales no han sido cumplimentadas.<\/p>\n<p>Por \u00faltimo, el hombre que calific\u00f3 la alianza de Genaro Garc\u00eda Luna y Felipe Calder\u00f3n como \u201cuna b\u00fasqueda de dinero\u201d, notific\u00f3 que \u00e9l fue una de las fuentes de las autoridades estadounidenses y rindi\u00f3 declaraci\u00f3n contra el exsecretario de Seguridad en diciembre de 2019.<\/p>\n<p>\u201cYa ten\u00edan el poder, quer\u00edan el dinero para asegurar su futuro\u201d.<\/p>\n<p>FUENTE: SDP NOTICIAS<\/p>\n","protected":false},"excerpt":{"rendered":"<p>EUA.- Aseguran que Genaro Garc\u00eda Luna entregar\u00e1 al expresidente Felipe Calder\u00f3n durante su juicio en Estados Unidos: \u201ces su \u00fanica posibilidad\u201d, dicen. En entrevista, el exjefe de la Polic\u00eda Federal, Javier Herrera Valles, se\u00f1al\u00f3 la complicidad de Genaro Garc\u00eda Luna, exsecretario de Seguridad P\u00fablica, y el expresidente Felipe Calder\u00f3n; \u201cera su consentido\u201d, dijo. En ese [&hellip;]<\/p>\n","protected":false},"author":9,"featured_media":36413,"comment_status":"closed","ping_status":"closed","sticky":false,"template":"","format":"standard","meta":{"footnotes":""},"categories":[19],"tags":[4905,5781,5780,5779],"class_list":["post-36412","post","type-post","status-publish","format-standard","has-post-thumbnail","hentry","category-nacional","tag-calderon","tag-fox","tag-herreravalles","tag-juicio-garcialuna"],"_links":{"self":[{"href":"https:\/\/laultimapalabra.com.mx\/portal\/wp-json\/wp\/v2\/posts\/36412","targetHints":{"allow":["GET"]}}],"collection":[{"href":"https:\/\/laultimapalabra.com.mx\/portal\/wp-json\/wp\/v2\/posts"}],"about":[{"href":"https:\/\/laultimapalabra.com.mx\/portal\/wp-json\/wp\/v2\/types\/post"}],"author":[{"embeddable":true,"href":"https:\/\/laultimapalabra.com.mx\/portal\/wp-json\/wp\/v2\/users\/9"}],"replies":[{"embeddable":true,"href":"https:\/\/laultimapalabra.com.mx\/portal\/wp-json\/wp\/v2\/comments?post=36412"}],"version-history":[{"count":2,"href":"https:\/\/laultimapalabra.com.mx\/portal\/wp-json\/wp\/v2\/posts\/36412\/revisions"}],"predecessor-version":[{"id":80263,"href":"https:\/\/laultimapalabra.com.mx\/portal\/wp-json\/wp\/v2\/posts\/36412\/revisions\/80263"}],"wp:featuredmedia":[{"embeddable":true,"href":"https:\/\/laultimapalabra.com.mx\/portal\/wp-json\/wp\/v2\/media\/36413"}],"wp:attachment":[{"href":"https:\/\/laultimapalabra.com.mx\/portal\/wp-json\/wp\/v2\/media?parent=36412"}],"wp:term":[{"taxonomy":"category","embeddable":true,"href":"https:\/\/laultimapalabra.com.mx\/portal\/wp-json\/wp\/v2\/categories?post=36412"},{"taxonomy":"post_tag","embeddable":true,"href":"https:\/\/laultimapalabra.com.mx\/portal\/wp-json\/wp\/v2\/tags?post=36412"}],"curies":[{"name":"wp","href":"https:\/\/api.w.org\/{rel}","templated":true}]}}