                       {"id":36415,"date":"2023-01-19T13:57:54","date_gmt":"2023-01-19T19:57:54","guid":{"rendered":"https:\/\/laultimapalabra.com.mx\/portal\/?p=36415"},"modified":"2024-12-11T10:40:30","modified_gmt":"2024-12-11T16:40:30","slug":"eua-entrega-a-mexico-a-alejandro-tenescalco-mando-policial-fugitivo-por-caso-ayotzinapa","status":"publish","type":"post","link":"https:\/\/laultimapalabra.com.mx\/portal\/eua-entrega-a-mexico-a-alejandro-tenescalco-mando-policial-fugitivo-por-caso-ayotzinapa\/","title":{"rendered":"EUA entrega a M\u00e9xico a Alejandro Tenescalco, mando policial fugitivo por caso Ayotzinapa"},"content":{"rendered":"<p><span style=\"font-size: 1rem;\">EUA.- Alejandro Tenescalco Mej\u00eda, considerado \u201cuno de los principales perpetradores\u201d del caso Ayotzinapa, fue entregado a las autoridades mexicanas por parte de Estados Unidos. As\u00ed lo inform\u00f3 en un comunicado de prensa el Instituto Nacional de Migraci\u00f3n (INM) de la Secretar\u00eda de Gobernaci\u00f3n.<\/span><\/p>\n<p>\u201cPoco antes del mediod\u00eda, elementos de la Oficina de Aduanas y Protecci\u00f3n Fronteriza de Estados Unidos lo entregaron (a Alejandro \u201cN\u201d) a los agentes federales del INM a fin de internarlo a territorio nacional y dejarlo en custodia de la representaci\u00f3n de la Fiscal\u00eda General de la Rep\u00fablica (FGR) para la cumplimentaci\u00f3n de una orden de aprehensi\u00f3n librada por un juez en 2015\u201d.<\/p>\n<p>El instituto lo recibi\u00f3 en el cruce internacional San Jer\u00f3nimo-Santa Teresa, en Ciudad Ju\u00e1rez, Chihuahua, donde autoridades se dieron cuenta de que contaba con alerta migratoria y era buscado por la Organizaci\u00f3n Internacional de Polic\u00eda Criminal (Interpol) y el Gobierno Mexicano por los delitos de delincuencia organizada y secuestro en el caso Ayotzinapa.<\/p>\n<p>\u201cAlejandro &#8216;N&#8217; fue asegurado el 20 de diciembre de 2022 por el CBP al ingresar de manera irregular a territorio estadounidense y hoy se determin\u00f3 que no cumpl\u00eda con los requisitos para que le fuera otorgado el asilo en el pa\u00eds vecino\u201d, reza el documento del INM.<\/p>\n<p>Tenescalco era miembro de la polic\u00eda municipal de Iguala y era considerado uno de los \u201cresponsables de mayor nivel\u201d del caso por el Grupo Interdisciplinario de Expertos Independientes (GIEI). Seg\u00fan la evidencia, estuvo en comunicaci\u00f3n con los principales perpetradores de la desaparici\u00f3n de los 43 estudiantes, la madrugada del 26 y primeras horas del 27 de septiembre, es decir, justo cuando se comet\u00eda el delito.<\/p>\n<p>El gobierno de M\u00e9xico manten\u00eda una recompensa de 10 millones de pesos por su detenci\u00f3n desde hace casi nueve a\u00f1os.<\/p>\n<p>FUENTE: POL\u00cdTICO MX<\/p>\n<p>&nbsp;<\/p>\n","protected":false},"excerpt":{"rendered":"<p>EUA.- Alejandro Tenescalco Mej\u00eda, considerado \u201cuno de los principales perpetradores\u201d del caso Ayotzinapa, fue entregado a las autoridades mexicanas por parte de Estados Unidos. As\u00ed lo inform\u00f3 en un comunicado de prensa el Instituto Nacional de Migraci\u00f3n (INM) de la Secretar\u00eda de Gobernaci\u00f3n. \u201cPoco antes del mediod\u00eda, elementos de la Oficina de Aduanas y Protecci\u00f3n [&hellip;]<\/p>\n","protected":false},"author":9,"featured_media":36416,"comment_status":"closed","ping_status":"closed","sticky":false,"template":"","format":"standard","meta":{"footnotes":""},"categories":[16],"tags":[5256,5782,5783,5784],"class_list":["post-36415","post","type-post","status-publish","format-standard","has-post-thumbnail","hentry","category-internacional","tag-5256","tag-ayotzinapa","tag-tenescalco","tag-tomaszeron"],"_links":{"self":[{"href":"https:\/\/laultimapalabra.com.mx\/portal\/wp-json\/wp\/v2\/posts\/36415","targetHints":{"allow":["GET"]}}],"collection":[{"href":"https:\/\/laultimapalabra.com.mx\/portal\/wp-json\/wp\/v2\/posts"}],"about":[{"href":"https:\/\/laultimapalabra.com.mx\/portal\/wp-json\/wp\/v2\/types\/post"}],"author":[{"embeddable":true,"href":"https:\/\/laultimapalabra.com.mx\/portal\/wp-json\/wp\/v2\/users\/9"}],"replies":[{"embeddable":true,"href":"https:\/\/laultimapalabra.com.mx\/portal\/wp-json\/wp\/v2\/comments?post=36415"}],"version-history":[{"count":2,"href":"https:\/\/laultimapalabra.com.mx\/portal\/wp-json\/wp\/v2\/posts\/36415\/revisions"}],"predecessor-version":[{"id":80265,"href":"https:\/\/laultimapalabra.com.mx\/portal\/wp-json\/wp\/v2\/posts\/36415\/revisions\/80265"}],"wp:featuredmedia":[{"embeddable":true,"href":"https:\/\/laultimapalabra.com.mx\/portal\/wp-json\/wp\/v2\/media\/36416"}],"wp:attachment":[{"href":"https:\/\/laultimapalabra.com.mx\/portal\/wp-json\/wp\/v2\/media?parent=36415"}],"wp:term":[{"taxonomy":"category","embeddable":true,"href":"https:\/\/laultimapalabra.com.mx\/portal\/wp-json\/wp\/v2\/categories?post=36415"},{"taxonomy":"post_tag","embeddable":true,"href":"https:\/\/laultimapalabra.com.mx\/portal\/wp-json\/wp\/v2\/tags?post=36415"}],"curies":[{"name":"wp","href":"https:\/\/api.w.org\/{rel}","templated":true}]}}