                       {"id":36443,"date":"2023-01-20T07:25:28","date_gmt":"2023-01-20T13:25:28","guid":{"rendered":"https:\/\/laultimapalabra.com.mx\/portal\/?p=36443"},"modified":"2024-12-11T10:40:30","modified_gmt":"2024-12-11T16:40:30","slug":"acribillan-a-hombre-en-monteverde","status":"publish","type":"post","link":"https:\/\/laultimapalabra.com.mx\/portal\/acribillan-a-hombre-en-monteverde\/","title":{"rendered":"Acribillan a hombre en Monteverde\u00a0"},"content":{"rendered":"<p><span style=\"font-size: 1rem;\">Ju\u00e1rez, N.L.- Un hombre fue ejecutado la noche del jueves de tres impactos de bala calibre 9 milimetros en la calle Monte Sina\u00ed de la colonia Monteverde en el municipio ya mencionado.\u00a0<\/span><\/p>\n<p>Al lugar arribaron Polic\u00eda Municipal como primer respondiente, Policia Ministerial y elementos de Fuerza Civil, quienes acordonaron la zona para las investigaciones correspondientes.<\/p>\n<p>Una fuente cercana mencion\u00f3 que el ahora fallecido vest\u00eda un shorts en color caf\u00e9, calzado en color negro y portaba un encendedor en su mano; hasta el momento la persona no ha sido identificada.<\/p>\n<p>Testigos se\u00f1alaron que los atacantes viajaban en una moto y se dieron ala fuga con rumbo desconocido.<\/p>\n","protected":false},"excerpt":{"rendered":"<p>Ju\u00e1rez, N.L.- Un hombre fue ejecutado la noche del jueves de tres impactos de bala calibre 9 milimetros en la calle Monte Sina\u00ed de la colonia Monteverde en el municipio ya mencionado.\u00a0 Al lugar arribaron Polic\u00eda Municipal como primer respondiente, Policia Ministerial y elementos de Fuerza Civil, quienes acordonaron la zona para las investigaciones correspondientes. [&hellip;]<\/p>\n","protected":false},"author":9,"featured_media":36444,"comment_status":"closed","ping_status":"closed","sticky":false,"template":"","format":"standard","meta":{"footnotes":""},"categories":[18],"tags":[5792,3590],"class_list":["post-36443","post","type-post","status-publish","format-standard","has-post-thumbnail","hentry","category-locales-juarez","tag-acribillado","tag-juarez-nl"],"_links":{"self":[{"href":"https:\/\/laultimapalabra.com.mx\/portal\/wp-json\/wp\/v2\/posts\/36443","targetHints":{"allow":["GET"]}}],"collection":[{"href":"https:\/\/laultimapalabra.com.mx\/portal\/wp-json\/wp\/v2\/posts"}],"about":[{"href":"https:\/\/laultimapalabra.com.mx\/portal\/wp-json\/wp\/v2\/types\/post"}],"author":[{"embeddable":true,"href":"https:\/\/laultimapalabra.com.mx\/portal\/wp-json\/wp\/v2\/users\/9"}],"replies":[{"embeddable":true,"href":"https:\/\/laultimapalabra.com.mx\/portal\/wp-json\/wp\/v2\/comments?post=36443"}],"version-history":[{"count":2,"href":"https:\/\/laultimapalabra.com.mx\/portal\/wp-json\/wp\/v2\/posts\/36443\/revisions"}],"predecessor-version":[{"id":80281,"href":"https:\/\/laultimapalabra.com.mx\/portal\/wp-json\/wp\/v2\/posts\/36443\/revisions\/80281"}],"wp:featuredmedia":[{"embeddable":true,"href":"https:\/\/laultimapalabra.com.mx\/portal\/wp-json\/wp\/v2\/media\/36444"}],"wp:attachment":[{"href":"https:\/\/laultimapalabra.com.mx\/portal\/wp-json\/wp\/v2\/media?parent=36443"}],"wp:term":[{"taxonomy":"category","embeddable":true,"href":"https:\/\/laultimapalabra.com.mx\/portal\/wp-json\/wp\/v2\/categories?post=36443"},{"taxonomy":"post_tag","embeddable":true,"href":"https:\/\/laultimapalabra.com.mx\/portal\/wp-json\/wp\/v2\/tags?post=36443"}],"curies":[{"name":"wp","href":"https:\/\/api.w.org\/{rel}","templated":true}]}}