                       {"id":3646,"date":"2018-09-18T14:08:11","date_gmt":"2018-09-18T14:08:11","guid":{"rendered":"http:\/\/laultimapalabra.info\/?p=3646"},"modified":"2024-12-11T08:37:30","modified_gmt":"2024-12-11T14:37:30","slug":"imponen-tarifazo-llegara-hasta-107","status":"publish","type":"post","link":"https:\/\/laultimapalabra.com.mx\/portal\/imponen-tarifazo-llegara-hasta-107\/","title":{"rendered":"Imponen &#8216;tarifazo&#8217;; llegar\u00e1 hasta 107%"},"content":{"rendered":"<p style=\"text-align: justify;\"><span style=\"font-size: 1rem;\"><img loading=\"lazy\" decoding=\"async\" class=\"size-medium wp-image-3647 alignleft\" src=\"https:\/\/laultimapalabra.com.mx\/portal\/wp-content\/uploads\/2018\/09\/4195706-300x200.jpg\" alt=\"\" width=\"300\" height=\"200\" \/> Monterrey, M\u00e9xico (18 septiembre 2018).- El Consejo Estatal del Transporte y Vialidad (CETyV) recet\u00f3 ayer un duro golpe al bolsillo de los ciudadanos con incrementos a las tarifas del transporte p\u00fablico, el Metro y taxis, que en tres a\u00f1os alcanzar\u00e1n hasta el 107 por ciento.<\/span><\/p>\n<p style=\"text-align: justify;\">Todos los aumentos aprobados est\u00e1n por encima de la inflaci\u00f3n que, del 2014 -\u00faltimo a\u00f1o de incrementos del transporte en el Estado- y hasta el 2019, con proyecciones de Banxico, acumula 26.3 por ciento.<\/p>\n<p style=\"text-align: justify;\">El alza, que fue propuesta por el Gobierno del Estado, se aprob\u00f3 ayer pese a que, el viernes, la Comisi\u00f3n de Costos y Productividad del CETyV lo rechaz\u00f3, con el voto en contra de consejeros ciudadanos y a favor de la Agencia Estatal de Transporte (AET), representantes de transportistas y la directora del Consejo.<\/p>\n<p style=\"text-align: justify;\">El aumento, que entrar\u00e1 en vigor la pr\u00f3xima semana, se aprob\u00f3 en la opacidad, en una reuni\u00f3n privada de 35 integrantes del CETyV por casi cuatro horas en Palacio de Gobierno, tras la que no quiso dar detalles el Estado de qui\u00e9nes asistieron y c\u00f3mo vot\u00f3 cada quien, limit\u00e1ndose s\u00f3lo a decir que se aval\u00f3 el alza por mayor\u00eda.<\/p>\n<p style=\"text-align: justify;\">Aunque el Gobernador Jaime Rodr\u00edguez preside el Consejo, no estuvo presente.<\/p>\n<p style=\"text-align: justify;\">Mientras se realizaba la reuni\u00f3n, grupos ciudadanos en contra y taxistas a favor de los incrementos se manifestaron fuera del Palacio.<\/p>\n<p style=\"text-align: justify;\">Manuel Gonz\u00e1lez, Secretario de Gobierno, afirm\u00f3 al acabar la sesi\u00f3n que, a cambio del aumento, los transportistas se comprometieron a renovar 800 unidades -500 que ya venci\u00f3 el plazo y 300 m\u00e1s que est\u00e1 por vencerse el pr\u00f3ximo a\u00f1o- y equiparlas con aire acondicionado, c\u00e1maras de seguridad y wifi.<\/p>\n<p style=\"text-align: justify;\"><span style=\"font-size: 1rem;\"><img loading=\"lazy\" decoding=\"async\" class=\"size-medium wp-image-3648 alignright\" src=\"https:\/\/laultimapalabra.com.mx\/portal\/wp-content\/uploads\/2018\/09\/Congreso-local-repudia-el-aumento-a-las-tarifas-300x200.jpg\" alt=\"\" width=\"300\" height=\"200\" \/><\/span>En la sesi\u00f3n se aprob\u00f3 incrementar un Peso la tarifa del Metro, pasando de 4.50 a 5.50 pesos m\u00e1s un desliz mensual de 10 centavos hasta noviembre del 2021, por lo que terminar\u00e1 costando 9.30 pesos, que representa un alza del 107 por ciento.<\/p>\n<p style=\"text-align: justify;\">Adem\u00e1s, se acord\u00f3 elevar un Peso la tarifa en efectivo del transporte p\u00fablico pasando de 12 a 13 pesos y un desliz de 50 centavos cada 90 d\u00edas hasta noviembre del 2021, por lo que el precio final ser\u00e1 de 19 pesos, un aumento del 58 por ciento.<\/p>\n<p style=\"text-align: justify;\">La tarifa ordinaria que se paga presentando la tarjeta Feria tambi\u00e9n subi\u00f3 un peso, pasando de 11.79 a 12.79 pesos y un desliz mensual de 10 centavos hasta noviembre del 2021, por lo que terminar\u00e1 costando 16.59 pesos, un alza del 41 por ciento.<\/p>\n<p style=\"text-align: justify;\">La tarifa preferente para estudiantes, adultos mayores y personas con capacidades diferentes no sufri\u00f3 modificaci\u00f3n.<\/p>\n<p style=\"text-align: justify;\">Para taxis, se acord\u00f3 elevar un Peso el banderazo, pasando de 8.78 a 9.78 pesos, y un Peso por kil\u00f3metro recorrido que va de 5.22 a 6.22 pesos.<\/p>\n<p style=\"text-align: justify;\">Tambi\u00e9n se aval\u00f3 una tarifa de 5 pesos por persona para las mototaxis o &#8220;tuk tuk&#8221;.<\/p>\n<p style=\"text-align: justify;\">Aunque se solicit\u00f3 el listado de los 35 asistentes a la sesi\u00f3n y el sentido de su voto, ni el Secretario de Gobierno ni el director de la AET y la directora del CETyV quisieron revelarlo.<\/p>\n<p style=\"text-align: justify;\">El Secretario de Gobierno reconoci\u00f3 que esta medida no es popular, pero a su consideraci\u00f3n tampoco es agresiva.<\/p>\n<p style=\"text-align: justify;\">&#8220;Como ustedes ver\u00e1n no es un aumento agresivo&#8221;, aleg\u00f3 Gonz\u00e1lez.<\/p>\n<p style=\"text-align: justify;\">Por separado, Jorge Longoria, titular de la Agencia Estatal del Transporte, afirm\u00f3 que a la sesi\u00f3n del Consejo acudieron 35 consejeros -de 44 que lo integran- entre funcionarios, c\u00e1maras, organismos y Alcaldes, pero no revel\u00f3 los nombres y el sentido del voto.<\/p>\n<p style=\"text-align: justify;\">El alza deber\u00e1 ser ratificada y publicada por el Gobernador para su entrada en vigor.<\/p>\n<p style=\"text-align: justify;\">fuente: EL NORTE<\/p>\n","protected":false},"excerpt":{"rendered":"<p>Monterrey, M\u00e9xico (18 septiembre 2018).- El Consejo Estatal del Transporte y Vialidad (CETyV) recet\u00f3 ayer un duro golpe al bolsillo de los ciudadanos con incrementos a las tarifas del transporte p\u00fablico, el Metro y taxis, que en tres a\u00f1os alcanzar\u00e1n hasta el 107 por ciento. Todos los aumentos aprobados est\u00e1n por encima de la inflaci\u00f3n [&hellip;]<\/p>\n","protected":false},"author":9,"featured_media":3647,"comment_status":"open","ping_status":"closed","sticky":false,"template":"","format":"standard","meta":{"footnotes":""},"categories":[15],"tags":[233,1316],"class_list":["post-3646","post","type-post","status-publish","format-standard","has-post-thumbnail","hentry","category-estado","tag-aumento-en-transporte","tag-jaime-rodriguez-el-bronco"],"_links":{"self":[{"href":"https:\/\/laultimapalabra.com.mx\/portal\/wp-json\/wp\/v2\/posts\/3646","targetHints":{"allow":["GET"]}}],"collection":[{"href":"https:\/\/laultimapalabra.com.mx\/portal\/wp-json\/wp\/v2\/posts"}],"about":[{"href":"https:\/\/laultimapalabra.com.mx\/portal\/wp-json\/wp\/v2\/types\/post"}],"author":[{"embeddable":true,"href":"https:\/\/laultimapalabra.com.mx\/portal\/wp-json\/wp\/v2\/users\/9"}],"replies":[{"embeddable":true,"href":"https:\/\/laultimapalabra.com.mx\/portal\/wp-json\/wp\/v2\/comments?post=3646"}],"version-history":[{"count":1,"href":"https:\/\/laultimapalabra.com.mx\/portal\/wp-json\/wp\/v2\/posts\/3646\/revisions"}],"predecessor-version":[{"id":64965,"href":"https:\/\/laultimapalabra.com.mx\/portal\/wp-json\/wp\/v2\/posts\/3646\/revisions\/64965"}],"wp:featuredmedia":[{"embeddable":true,"href":"https:\/\/laultimapalabra.com.mx\/portal\/wp-json\/"}],"wp:attachment":[{"href":"https:\/\/laultimapalabra.com.mx\/portal\/wp-json\/wp\/v2\/media?parent=3646"}],"wp:term":[{"taxonomy":"category","embeddable":true,"href":"https:\/\/laultimapalabra.com.mx\/portal\/wp-json\/wp\/v2\/categories?post=3646"},{"taxonomy":"post_tag","embeddable":true,"href":"https:\/\/laultimapalabra.com.mx\/portal\/wp-json\/wp\/v2\/tags?post=3646"}],"curies":[{"name":"wp","href":"https:\/\/api.w.org\/{rel}","templated":true}]}}