                       {"id":36525,"date":"2023-01-24T15:34:15","date_gmt":"2023-01-24T21:34:15","guid":{"rendered":"https:\/\/laultimapalabra.com.mx\/portal\/?p=36525"},"modified":"2024-12-11T10:40:31","modified_gmt":"2024-12-11T16:40:31","slug":"niega-movilidad-gestion-de-cosme-leal-y-pide-paciencia-a-jimenenses","status":"publish","type":"post","link":"https:\/\/laultimapalabra.com.mx\/portal\/niega-movilidad-gestion-de-cosme-leal-y-pide-paciencia-a-jimenenses\/","title":{"rendered":"NIEGA MOVILIDAD GESTI\u00d3N DE COSME LEAL\u2026 y pide paciencia a Jimenenses"},"content":{"rendered":"<p><span style=\"font-size: 1rem;\">Cadereyta, N.L., Jos\u00e9 Manuel Vald\u00e9s Gayt\u00e1n, Director General del Instituto de Movilidad y Accesibilidad de Nuevo Le\u00f3n en entrevista exclusiva con La \u00daltima Palabra afirm\u00f3 que el Gobernador Samuel Garc\u00eda, entreg\u00f3 el d\u00eda de hoy martes 24 de enero en el Evento de Entrega, 70 Unidades de transporte p\u00fablico que funcionar\u00e1n en la zona metropolitana de Nuevo Le\u00f3n.<\/span><\/p>\n<p>\u00bfDe esas Unidades cu\u00e1ntas son para Cadereyta? Le preguntamos y respondi\u00f3 \u201cNo, no existe una determinaci\u00f3n existe un proceso para determinar necesidades. Son para todo el Estado\u201d.<\/p>\n<p>\u00bfEl Alcalde de Cadereyta gestion\u00f3 esas unidades? Noo, Nosotros no tenemos gestiones, nosotros tenemos un comit\u00e9 t\u00e9cnico que hace an\u00e1lisis y nos dice donde necesitamos \u201cmeter veh\u00edculos\u201d por supuesto que a veces coincide con algunos municipios.<\/p>\n<p>\u201cA los jimenenses les decimos que tengan paciencia y que ya estamos resolviendo el tema de la movilidad\u201d puntualiz\u00f3.<\/p>\n<p>Estas Unidades tienen capacidad para cien pasajeros y el primer mandatario del Estado record\u00f3 que hay una meta que rebasar\u00e1 los quinientos camiones para este a\u00f1o para atender la reestructuraci\u00f3n del transporte.<\/p>\n<p>Garc\u00eda Sep\u00falveda adelant\u00f3 que estar\u00e1n llegando a la ciudad de Manzanillo otros buques con m\u00e1s camiones y que pronto podr\u00e1n dar servicio.<\/p>\n<p>Tambi\u00e9n, el Director del Instituto de Movilidad, dijo que cada mes se tendr\u00e1n eventos de entrega de nuevas rutas, las cuales permitir\u00e1 brindar un servicio de calidad.<\/p>\n<p>&nbsp;<\/p>\n","protected":false},"excerpt":{"rendered":"<p>Cadereyta, N.L., Jos\u00e9 Manuel Vald\u00e9s Gayt\u00e1n, Director General del Instituto de Movilidad y Accesibilidad de Nuevo Le\u00f3n en entrevista exclusiva con La \u00daltima Palabra afirm\u00f3 que el Gobernador Samuel Garc\u00eda, entreg\u00f3 el d\u00eda de hoy martes 24 de enero en el Evento de Entrega, 70 Unidades de transporte p\u00fablico que funcionar\u00e1n en la zona metropolitana [&hellip;]<\/p>\n","protected":false},"author":9,"featured_media":36526,"comment_status":"closed","ping_status":"closed","sticky":false,"template":"","format":"standard","meta":{"footnotes":""},"categories":[17],"tags":[5808,5809,5810],"class_list":["post-36525","post","type-post","status-publish","format-standard","has-post-thumbnail","hentry","category-locales-cadereyta","tag-cosmeleal","tag-movilidad","tag-transportepublico"],"_links":{"self":[{"href":"https:\/\/laultimapalabra.com.mx\/portal\/wp-json\/wp\/v2\/posts\/36525","targetHints":{"allow":["GET"]}}],"collection":[{"href":"https:\/\/laultimapalabra.com.mx\/portal\/wp-json\/wp\/v2\/posts"}],"about":[{"href":"https:\/\/laultimapalabra.com.mx\/portal\/wp-json\/wp\/v2\/types\/post"}],"author":[{"embeddable":true,"href":"https:\/\/laultimapalabra.com.mx\/portal\/wp-json\/wp\/v2\/users\/9"}],"replies":[{"embeddable":true,"href":"https:\/\/laultimapalabra.com.mx\/portal\/wp-json\/wp\/v2\/comments?post=36525"}],"version-history":[{"count":2,"href":"https:\/\/laultimapalabra.com.mx\/portal\/wp-json\/wp\/v2\/posts\/36525\/revisions"}],"predecessor-version":[{"id":80327,"href":"https:\/\/laultimapalabra.com.mx\/portal\/wp-json\/wp\/v2\/posts\/36525\/revisions\/80327"}],"wp:featuredmedia":[{"embeddable":true,"href":"https:\/\/laultimapalabra.com.mx\/portal\/wp-json\/wp\/v2\/media\/36526"}],"wp:attachment":[{"href":"https:\/\/laultimapalabra.com.mx\/portal\/wp-json\/wp\/v2\/media?parent=36525"}],"wp:term":[{"taxonomy":"category","embeddable":true,"href":"https:\/\/laultimapalabra.com.mx\/portal\/wp-json\/wp\/v2\/categories?post=36525"},{"taxonomy":"post_tag","embeddable":true,"href":"https:\/\/laultimapalabra.com.mx\/portal\/wp-json\/wp\/v2\/tags?post=36525"}],"curies":[{"name":"wp","href":"https:\/\/api.w.org\/{rel}","templated":true}]}}