                       {"id":36531,"date":"2023-01-24T15:45:28","date_gmt":"2023-01-24T21:45:28","guid":{"rendered":"https:\/\/laultimapalabra.com.mx\/portal\/?p=36531"},"modified":"2024-12-11T10:40:31","modified_gmt":"2024-12-11T16:40:31","slug":"arturo-beltran-ordeno-secuestro-de-garcia-luna-el-grande","status":"publish","type":"post","link":"https:\/\/laultimapalabra.com.mx\/portal\/arturo-beltran-ordeno-secuestro-de-garcia-luna-el-grande\/","title":{"rendered":"Arturo Beltr\u00e1n orden\u00f3 secuestro de Garcia Luna: &#8220;El Grande&#8221;"},"content":{"rendered":"<p><span style=\"font-size: 1rem;\">Nueva York.- Sergio Villarreal Barrag\u00e1n, alias \u201cEl Grande\u201d, lugarteniente de los Beltr\u00e1n Leyva, testific\u00f3 por segundo d\u00eda consecutivo en el juicio contra Genaro Garc\u00eda Luna, Secretario de Seguridad P\u00fablica en el sexenio de Felipe Calder\u00f3n Hinojosa acusado de nexos con el narcotr\u00e1fico en Estados Unidos.<\/span><\/p>\n<p>Ahora revel\u00f3 que Arturo Beltr\u00e1n Leyva orden\u00f3 el secuestro de Garc\u00eda Luna, cuando ya era Secretario de Seguridad P\u00fablica en el Gobierno de Felipe Calder\u00f3n, para presionarlo a que siguiera apoyando a su fracci\u00f3n en el C\u00e1rtel de Sinaloa.<\/p>\n<p>As\u00ed lo revel\u00f3 Villarreal Barrag\u00e1n, quien se\u00f1al\u00f3 que Garc\u00eda Luna fue \u201clevantado\u201d en una carretera camino a Cocoyoc, Morelos, donde los escoltas no pudieron evitarlo tras ser desarmados.<\/p>\n<p>\u201cLo llevaron a una oficina \u201d, dijo \u201cEl Grande\u201d en referencia a una casa de seguridad.<\/p>\n<p>Arturo Beltr\u00e1n Leyva estaba molesto porque las autoridades federales hab\u00edan detenido a Alfredo Beltr\u00e1n Leyva, \u201cEl Mochomo\u201d, por lo que exigieron cuentas a Garc\u00eda Luna, quien segu\u00eda recibiendo pagos mensuales a trav\u00e9s de Luis C\u00e1rdenas Palomino, exfuncionario federal.<\/p>\n<p>La detenci\u00f3n de \u201cEl Mochomo\u201d ocurri\u00f3 en 2008, pero \u201cEl Grande\u201d no di\u00f3 una fecha sobre el secuestro, del cual le cont\u00f3 el propio Alfredo Beltr\u00e1n Leyva y \u201cEl Borrado\u201d, un operador del c\u00e1rtel.<\/p>\n<p>Villarreal Barrag\u00e1n dijo que fue a esa misma casa de seguridad donde tuvieron a Garc\u00eda Luna y vi\u00f3 en un rinc\u00f3n decenas de cargadores de armas.<\/p>\n<p>\u201cEran de las escoltas de Garc\u00eda Luna\u2026 se las quitaron antes de irse\u201d, afirm\u00f3.<\/p>\n<p>La Fiscal Erin Reid establece, en la Corte de Distrito Este de Nueva York, c\u00f3mo era la presunta organizaci\u00f3n criminal que lideraba Genaro Garc\u00eda Luna desde el Gobierno, iniciando cuando era director de la Agencia Federal de Investigaciones (AFI), en el Gobierno de Vicente Fox.<\/p>\n<p>FUENTE:SIN EMBARGO MX \/ LA OPINI\u00d3N<\/p>\n","protected":false},"excerpt":{"rendered":"<p>Nueva York.- Sergio Villarreal Barrag\u00e1n, alias \u201cEl Grande\u201d, lugarteniente de los Beltr\u00e1n Leyva, testific\u00f3 por segundo d\u00eda consecutivo en el juicio contra Genaro Garc\u00eda Luna, Secretario de Seguridad P\u00fablica en el sexenio de Felipe Calder\u00f3n Hinojosa acusado de nexos con el narcotr\u00e1fico en Estados Unidos. Ahora revel\u00f3 que Arturo Beltr\u00e1n Leyva orden\u00f3 el secuestro de [&hellip;]<\/p>\n","protected":false},"author":9,"featured_media":36532,"comment_status":"closed","ping_status":"closed","sticky":false,"template":"","format":"standard","meta":{"footnotes":""},"categories":[16],"tags":[124,5814,5813,5754],"class_list":["post-36531","post","type-post","status-publish","format-standard","has-post-thumbnail","hentry","category-internacional","tag-amlo","tag-arturobeltran","tag-elgrande-garcialuna","tag-juicio"],"_links":{"self":[{"href":"https:\/\/laultimapalabra.com.mx\/portal\/wp-json\/wp\/v2\/posts\/36531","targetHints":{"allow":["GET"]}}],"collection":[{"href":"https:\/\/laultimapalabra.com.mx\/portal\/wp-json\/wp\/v2\/posts"}],"about":[{"href":"https:\/\/laultimapalabra.com.mx\/portal\/wp-json\/wp\/v2\/types\/post"}],"author":[{"embeddable":true,"href":"https:\/\/laultimapalabra.com.mx\/portal\/wp-json\/wp\/v2\/users\/9"}],"replies":[{"embeddable":true,"href":"https:\/\/laultimapalabra.com.mx\/portal\/wp-json\/wp\/v2\/comments?post=36531"}],"version-history":[{"count":2,"href":"https:\/\/laultimapalabra.com.mx\/portal\/wp-json\/wp\/v2\/posts\/36531\/revisions"}],"predecessor-version":[{"id":80331,"href":"https:\/\/laultimapalabra.com.mx\/portal\/wp-json\/wp\/v2\/posts\/36531\/revisions\/80331"}],"wp:featuredmedia":[{"embeddable":true,"href":"https:\/\/laultimapalabra.com.mx\/portal\/wp-json\/wp\/v2\/media\/36532"}],"wp:attachment":[{"href":"https:\/\/laultimapalabra.com.mx\/portal\/wp-json\/wp\/v2\/media?parent=36531"}],"wp:term":[{"taxonomy":"category","embeddable":true,"href":"https:\/\/laultimapalabra.com.mx\/portal\/wp-json\/wp\/v2\/categories?post=36531"},{"taxonomy":"post_tag","embeddable":true,"href":"https:\/\/laultimapalabra.com.mx\/portal\/wp-json\/wp\/v2\/tags?post=36531"}],"curies":[{"name":"wp","href":"https:\/\/api.w.org\/{rel}","templated":true}]}}