                       {"id":36537,"date":"2023-01-24T15:52:27","date_gmt":"2023-01-24T21:52:27","guid":{"rendered":"https:\/\/laultimapalabra.com.mx\/portal\/?p=36537"},"modified":"2024-12-11T10:40:31","modified_gmt":"2024-12-11T16:40:31","slug":"gertz-esta-bien-dice-amlo-mejor-para-el-y-para-morena-cambiarlo-no-seria-sencillo","status":"publish","type":"post","link":"https:\/\/laultimapalabra.com.mx\/portal\/gertz-esta-bien-dice-amlo-mejor-para-el-y-para-morena-cambiarlo-no-seria-sencillo\/","title":{"rendered":"Gertz esta bien, dice AMLO. Mejor para \u00e9l y para Morena: cambiarlo no ser\u00eda sencillo\u00a0"},"content":{"rendered":"<p><span style=\"font-size: 1rem;\">CDMX.- La gesti\u00f3n de Gertz Manero ha estado manchada por la pol\u00e9mica, con cuestionamientos sobre su desempe\u00f1o en casos de alto perfil y su atenci\u00f3n en resolver desde la FGR casos personales. A esto se sumaron los planteamientos sobre su estado de salud y los escenarios para sustituirlo como establece la Ley.<\/span><\/p>\n<p>Alejandro Gertz Manero tiene 83 a\u00f1os. Es decir, culminar\u00eda su gesti\u00f3n constitucional a los 90 a\u00f1os. En los casos en los que est\u00e9 ausente, como sucedi\u00f3 con su intervenci\u00f3n quir\u00fargica, su suplente, como se\u00f1ala el Art\u00edculo 21 de la Ley de la Fiscal\u00eda, ser\u00e1 el Fiscal Especializado de Control Competencial, en este caso Juan Ramos L\u00f3pez, considerado el brazo derecho del Fiscal, y quien tambi\u00e9n se ha visto envuelto en pol\u00e9micas.<\/p>\n<p>Lo cierto es que la ruta para suplirlo no es sencilla. La Constituci\u00f3n establece en su Art\u00edculo 102 que el procedimiento tendr\u00eda que desahogarse en el Senado, una instancia donde el partido del Presidente no tiene la mayor\u00eda calificada requerida y en donde el coordinador parlamentario de Morena, el Senador Ricardo Monreal \u00c1vila, no suele coincidir con los planteamientos y propuestas enviadas de Palacio Nacional, como ya sucedi\u00f3 con la Reforma de la Guardia Nacional cuando se abstuvo de votar y m\u00e1s recientemente con el Plan B de la Reforma Electoral, contra el cual vot\u00f3.<\/p>\n<p>La Constituci\u00f3n estipula, por ejemplo, que a partir de la ausencia definitiva del Fiscal General, el Senado de la Rep\u00fablica tiene 20 d\u00edas para integrar una lista de al menos 10 candidatos que tiene que ser aprobada por mayor\u00eda calificada \u2014las dos terceras partes de los miembros presentes\u2014, que tendr\u00e1 que enviar el Presidente. Si el titular del Ejecutivo federal no recibe esta lista en el plazo se\u00f1alado, enviar\u00e1 libremente una terna y nombrar\u00e1 provisionalmente al Fiscal General, hasta que se realice la designaci\u00f3n definitiva.<\/p>\n<p>La Constituci\u00f3n estipula, por ejemplo, que a partir de la ausencia definitiva del Fiscal General, el Senado de la Rep\u00fablica tiene 20 d\u00edas para integrar una lista de al menos 10 candidatos que tiene que ser aprobada por mayor\u00eda calificada.<\/p>\n<p>Otro escenario que se\u00f1ala la Constituci\u00f3n es el de la remoci\u00f3n por causas graves. En la Ley de la FGR, en su Art\u00edculo 24, uno de los supuestos para que esto ocurra es: \u201cAdquirir incapacidad total o permanente que impida el correcto ejercicio de sus funciones durante m\u00e1s de seis meses, dictaminada por el Instituto de Seguridad y Servicios Sociales de los Trabajadores del Estado\u201d.<\/p>\n<p>FUENTE: SIN EMBARGO MX<\/p>\n","protected":false},"excerpt":{"rendered":"<p>CDMX.- La gesti\u00f3n de Gertz Manero ha estado manchada por la pol\u00e9mica, con cuestionamientos sobre su desempe\u00f1o en casos de alto perfil y su atenci\u00f3n en resolver desde la FGR casos personales. A esto se sumaron los planteamientos sobre su estado de salud y los escenarios para sustituirlo como establece la Ley. Alejandro Gertz Manero [&hellip;]<\/p>\n","protected":false},"author":9,"featured_media":36538,"comment_status":"closed","ping_status":"closed","sticky":false,"template":"","format":"standard","meta":{"footnotes":""},"categories":[19],"tags":[124,5819,5818],"class_list":["post-36537","post","type-post","status-publish","format-standard","has-post-thumbnail","hentry","category-nacional","tag-amlo","tag-fiscalgeneraldelarepublica","tag-gertzmanero"],"_links":{"self":[{"href":"https:\/\/laultimapalabra.com.mx\/portal\/wp-json\/wp\/v2\/posts\/36537","targetHints":{"allow":["GET"]}}],"collection":[{"href":"https:\/\/laultimapalabra.com.mx\/portal\/wp-json\/wp\/v2\/posts"}],"about":[{"href":"https:\/\/laultimapalabra.com.mx\/portal\/wp-json\/wp\/v2\/types\/post"}],"author":[{"embeddable":true,"href":"https:\/\/laultimapalabra.com.mx\/portal\/wp-json\/wp\/v2\/users\/9"}],"replies":[{"embeddable":true,"href":"https:\/\/laultimapalabra.com.mx\/portal\/wp-json\/wp\/v2\/comments?post=36537"}],"version-history":[{"count":2,"href":"https:\/\/laultimapalabra.com.mx\/portal\/wp-json\/wp\/v2\/posts\/36537\/revisions"}],"predecessor-version":[{"id":80335,"href":"https:\/\/laultimapalabra.com.mx\/portal\/wp-json\/wp\/v2\/posts\/36537\/revisions\/80335"}],"wp:featuredmedia":[{"embeddable":true,"href":"https:\/\/laultimapalabra.com.mx\/portal\/wp-json\/wp\/v2\/media\/36538"}],"wp:attachment":[{"href":"https:\/\/laultimapalabra.com.mx\/portal\/wp-json\/wp\/v2\/media?parent=36537"}],"wp:term":[{"taxonomy":"category","embeddable":true,"href":"https:\/\/laultimapalabra.com.mx\/portal\/wp-json\/wp\/v2\/categories?post=36537"},{"taxonomy":"post_tag","embeddable":true,"href":"https:\/\/laultimapalabra.com.mx\/portal\/wp-json\/wp\/v2\/tags?post=36537"}],"curies":[{"name":"wp","href":"https:\/\/api.w.org\/{rel}","templated":true}]}}