                       {"id":36552,"date":"2023-01-25T12:34:40","date_gmt":"2023-01-25T18:34:40","guid":{"rendered":"https:\/\/laultimapalabra.com.mx\/portal\/?p=36552"},"modified":"2024-12-11T10:40:31","modified_gmt":"2024-12-11T16:40:31","slug":"intentan-cobrarle-de-nuevo-sus-terrenos-a-vecinos-de-mirador-de-la-montana","status":"publish","type":"post","link":"https:\/\/laultimapalabra.com.mx\/portal\/intentan-cobrarle-de-nuevo-sus-terrenos-a-vecinos-de-mirador-de-la-montana\/","title":{"rendered":"Intentan cobrarle de nuevo sus terrenos a vecinos de Mirador de la monta\u00f1a"},"content":{"rendered":"<p>Ju\u00e1rez, N.L.- Vecinos de la colonia Mirador de la Monta\u00f1a acusan al hijo del due\u00f1o de los terrenos donde habitan, C\u00e9sar Trejo Gonzalez, de estar tratando de cobrarles de nuevo sus terrenos mediante Fomerrey para poder escriturar. Ellos alegan que ya pagaron desde hace m\u00e1s de 20 a\u00f1os al pap\u00e1 de Trejo Gonzalez, Fernando Trejo quien ya falleci\u00f3, pues cabe mencionar que la colonia tiene una antig\u00fcedad de 24 a\u00f1os de haber sido fundada.<\/p>\n<p><img loading=\"lazy\" decoding=\"async\" class=\"alignnone size-medium wp-image-36554\" src=\"https:\/\/laultimapalabra.com.mx\/portal\/wp-content\/uploads\/2023\/01\/IMG-20230125-WA0018-300x225.jpg\" alt=\"\" width=\"300\" height=\"225\" srcset=\"https:\/\/laultimapalabra.com.mx\/portal\/wp-content\/uploads\/2023\/01\/IMG-20230125-WA0018-300x225.jpg 300w, https:\/\/laultimapalabra.com.mx\/portal\/wp-content\/uploads\/2023\/01\/IMG-20230125-WA0018-1024x768.jpg 1024w, https:\/\/laultimapalabra.com.mx\/portal\/wp-content\/uploads\/2023\/01\/IMG-20230125-WA0018-768x576.jpg 768w, https:\/\/laultimapalabra.com.mx\/portal\/wp-content\/uploads\/2023\/01\/IMG-20230125-WA0018.jpg 1156w\" sizes=\"auto, (max-width: 300px) 100vw, 300px\" \/><\/p>\n<p style=\"text-align: left;\">Asimismo, lo acusan de actos de abuso en contra de los vecinos, como el hecho de que aseguran que este hombre pag\u00f3 para que entrar\u00e1n a una quinta a destruir todo y de donde se robaron herramientas, mucho material, el port\u00f3n y cortaron \u00e1rboles alegando que se iba a hacer una calle; esto sin permiso y sin notificaci\u00f3n a la due\u00f1a quien ya lo denunci\u00f3 penalmente.<\/p>\n","protected":false},"excerpt":{"rendered":"<p>Ju\u00e1rez, N.L.- Vecinos de la colonia Mirador de la Monta\u00f1a acusan al hijo del due\u00f1o de los terrenos donde habitan, C\u00e9sar Trejo Gonzalez, de estar tratando de cobrarles de nuevo sus terrenos mediante Fomerrey para poder escriturar. Ellos alegan que ya pagaron desde hace m\u00e1s de 20 a\u00f1os al pap\u00e1 de Trejo Gonzalez, Fernando Trejo [&hellip;]<\/p>\n","protected":false},"author":9,"featured_media":36553,"comment_status":"closed","ping_status":"closed","sticky":false,"template":"","format":"standard","meta":{"footnotes":""},"categories":[18],"tags":[4980],"class_list":["post-36552","post","type-post","status-publish","format-standard","has-post-thumbnail","hentry","category-locales-juarez","tag-vecinos"],"_links":{"self":[{"href":"https:\/\/laultimapalabra.com.mx\/portal\/wp-json\/wp\/v2\/posts\/36552","targetHints":{"allow":["GET"]}}],"collection":[{"href":"https:\/\/laultimapalabra.com.mx\/portal\/wp-json\/wp\/v2\/posts"}],"about":[{"href":"https:\/\/laultimapalabra.com.mx\/portal\/wp-json\/wp\/v2\/types\/post"}],"author":[{"embeddable":true,"href":"https:\/\/laultimapalabra.com.mx\/portal\/wp-json\/wp\/v2\/users\/9"}],"replies":[{"embeddable":true,"href":"https:\/\/laultimapalabra.com.mx\/portal\/wp-json\/wp\/v2\/comments?post=36552"}],"version-history":[{"count":2,"href":"https:\/\/laultimapalabra.com.mx\/portal\/wp-json\/wp\/v2\/posts\/36552\/revisions"}],"predecessor-version":[{"id":80341,"href":"https:\/\/laultimapalabra.com.mx\/portal\/wp-json\/wp\/v2\/posts\/36552\/revisions\/80341"}],"wp:featuredmedia":[{"embeddable":true,"href":"https:\/\/laultimapalabra.com.mx\/portal\/wp-json\/wp\/v2\/media\/36553"}],"wp:attachment":[{"href":"https:\/\/laultimapalabra.com.mx\/portal\/wp-json\/wp\/v2\/media?parent=36552"}],"wp:term":[{"taxonomy":"category","embeddable":true,"href":"https:\/\/laultimapalabra.com.mx\/portal\/wp-json\/wp\/v2\/categories?post=36552"},{"taxonomy":"post_tag","embeddable":true,"href":"https:\/\/laultimapalabra.com.mx\/portal\/wp-json\/wp\/v2\/tags?post=36552"}],"curies":[{"name":"wp","href":"https:\/\/api.w.org\/{rel}","templated":true}]}}