                       {"id":36593,"date":"2023-01-26T14:33:27","date_gmt":"2023-01-26T20:33:27","guid":{"rendered":"https:\/\/laultimapalabra.com.mx\/portal\/?p=36593"},"modified":"2024-12-11T10:40:32","modified_gmt":"2024-12-11T16:40:32","slug":"quien-miente-el-gobernador-no-entrego-ni-una-sola-unidad-de-trasporte-para-cadereyta","status":"publish","type":"post","link":"https:\/\/laultimapalabra.com.mx\/portal\/quien-miente-el-gobernador-no-entrego-ni-una-sola-unidad-de-trasporte-para-cadereyta\/","title":{"rendered":"\u00bfQUI\u00c9N MIENTE?  El Gobernador no entreg\u00f3 ni una sola Unidad de Trasporte para Cadereyta."},"content":{"rendered":"<p><span style=\"font-size: 1rem;\">El Gobernador de Nuevo Le\u00f3n, entreg\u00f3 el pasado 24 de enero unidades de transporte p\u00fablico para atender las necesidades prioritarias en e Estado.<\/span><\/p>\n<p>Dijo que de las 142 unidades, actualmente 30 est\u00e1n funcionando en el circuito directo Universidad, mediante el cual se apoya a los traslados de los estudiantes de la Universidad Aut\u00f3noma de Nuevo Le\u00f3n. Esto ante el cierre de seis estaciones de la L\u00ednea 2 del Metro, por presentar fallas en su estructura elevada, misma que se encuentra en reparaci\u00f3n.<\/p>\n<p>Se\u00f1al\u00f3 tambi\u00e9n que siete camiones se pondr\u00e1n en marcha este mismo martes 24 de enero y se destinar\u00e1n a la integraci\u00f3n del corredor Valle de las Salinas, en su primera etapa, con el servicio de apoyo Ruta Express Mina-Sendero y Ruta Express Alimentadora Hidalgo-Abasolo-El Carmen. Indic\u00f3 adem\u00e1s el servicio Valle de las Salinas, Ruta Express Mina-Sendero contar\u00e1 con cinco camiones, que recorrer\u00e1n desde el municipio de Mina hasta la Estaci\u00f3n Sendero, avanzando 85 kil\u00f3metros y beneficiando a residentes de 21 colonias.<\/p>\n<p>Puntualiz\u00f3 que La Ruta Alimentadora Hidalgo-Abasolo-El Carmen, contar\u00e1 con dos camiones que recorrer\u00e1n desde Hidalgo, pasando por el casco de Abasolo, El Carmen y su parque industrial. Aclar\u00f3 que El resto de los camiones, m\u00e1s los que contin\u00faen llegando, se utilizar\u00e1n para empezar a armar los corredores o cuencas, que obtuvieron en una licitaci\u00f3n varios permisionarios, para construir la reestructura del servicio de transporte urbano.<\/p>\n<p>Pero aparentemente en ning\u00fan momento mencion\u00f3 Cadereyta a la que el Director de Movilidad de Nuevo Le\u00f3n Jos\u00e9 Manuel Valdez Gayt\u00e1n se refiri\u00f3 en entrevista exclusiva para este Medio La \u00daltima Palabra como que espera sean pacientes para cuando les corresponda.<\/p>\n<p>Entonces, \u00bfqu\u00e9 fue lo que dijo que gestion\u00f3 o consigui\u00f3 el Alcalde Cosme Leal?<\/p>\n<p>FUENTE: EL DEBATE Y LA \u00daLTIMA PALABRA<\/p>\n<p>&nbsp;<\/p>\n","protected":false},"excerpt":{"rendered":"<p>El Gobernador de Nuevo Le\u00f3n, entreg\u00f3 el pasado 24 de enero unidades de transporte p\u00fablico para atender las necesidades prioritarias en e Estado. Dijo que de las 142 unidades, actualmente 30 est\u00e1n funcionando en el circuito directo Universidad, mediante el cual se apoya a los traslados de los estudiantes de la Universidad Aut\u00f3noma de Nuevo [&hellip;]<\/p>\n","protected":false},"author":9,"featured_media":36594,"comment_status":"closed","ping_status":"closed","sticky":false,"template":"","format":"standard","meta":{"footnotes":""},"categories":[15],"tags":[5808,5830,5037,5829],"class_list":["post-36593","post","type-post","status-publish","format-standard","has-post-thumbnail","hentry","category-estado","tag-cosmeleal","tag-mientealcaldeogobernador","tag-samuelgarcia","tag-transporte-urbano"],"_links":{"self":[{"href":"https:\/\/laultimapalabra.com.mx\/portal\/wp-json\/wp\/v2\/posts\/36593","targetHints":{"allow":["GET"]}}],"collection":[{"href":"https:\/\/laultimapalabra.com.mx\/portal\/wp-json\/wp\/v2\/posts"}],"about":[{"href":"https:\/\/laultimapalabra.com.mx\/portal\/wp-json\/wp\/v2\/types\/post"}],"author":[{"embeddable":true,"href":"https:\/\/laultimapalabra.com.mx\/portal\/wp-json\/wp\/v2\/users\/9"}],"replies":[{"embeddable":true,"href":"https:\/\/laultimapalabra.com.mx\/portal\/wp-json\/wp\/v2\/comments?post=36593"}],"version-history":[{"count":2,"href":"https:\/\/laultimapalabra.com.mx\/portal\/wp-json\/wp\/v2\/posts\/36593\/revisions"}],"predecessor-version":[{"id":80361,"href":"https:\/\/laultimapalabra.com.mx\/portal\/wp-json\/wp\/v2\/posts\/36593\/revisions\/80361"}],"wp:featuredmedia":[{"embeddable":true,"href":"https:\/\/laultimapalabra.com.mx\/portal\/wp-json\/wp\/v2\/media\/36594"}],"wp:attachment":[{"href":"https:\/\/laultimapalabra.com.mx\/portal\/wp-json\/wp\/v2\/media?parent=36593"}],"wp:term":[{"taxonomy":"category","embeddable":true,"href":"https:\/\/laultimapalabra.com.mx\/portal\/wp-json\/wp\/v2\/categories?post=36593"},{"taxonomy":"post_tag","embeddable":true,"href":"https:\/\/laultimapalabra.com.mx\/portal\/wp-json\/wp\/v2\/tags?post=36593"}],"curies":[{"name":"wp","href":"https:\/\/api.w.org\/{rel}","templated":true}]}}