                       {"id":3663,"date":"2018-09-18T15:24:01","date_gmt":"2018-09-18T15:24:01","guid":{"rendered":"http:\/\/laultimapalabra.info\/?p=3663"},"modified":"2024-12-11T08:37:30","modified_gmt":"2024-12-11T14:37:30","slug":"deja-mauro-dirigencia-del-pan","status":"publish","type":"post","link":"https:\/\/laultimapalabra.com.mx\/portal\/deja-mauro-dirigencia-del-pan\/","title":{"rendered":"Deja Mauro dirigencia del PAN"},"content":{"rendered":"<p style=\"text-align: justify;\"><img loading=\"lazy\" decoding=\"async\" class=\"size-medium wp-image-3664 alignleft\" src=\"https:\/\/laultimapalabra.com.mx\/portal\/wp-content\/uploads\/2018\/09\/4195836-300x200.jpg\" alt=\"\" width=\"300\" height=\"200\" \/>Monterrey, M\u00e9xico (18 septiembre 2018).- Ante la renuncia con car\u00e1cter de irrevocable de Mauro Guerra Villarreal a la dirigencia estatal de Acci\u00f3n Nacional, la Comisi\u00f3n Permanente del partido albiazul nombr\u00f3 a Iv\u00e1n Medrano T\u00e9llez como nuevo presidente del Comit\u00e9 Directivo.<\/p>\n<p style=\"text-align: justify;\">Adem\u00e1s, Hern\u00e1n Salinas Wolberg fue nombrado secretario general.<\/p>\n<p style=\"text-align: justify;\">En un comunicado, el partido se\u00f1al\u00f3 que Medrano fue designado para concluir la responsabilidad de la actual dirigencia.<\/p>\n<p style=\"text-align: justify;\">Ambas propuestas fueron aprobadas por la mayor\u00eda de la comisi\u00f3n permanente del partido, con la abstenci\u00f3n en cada uno de los nombramientos, de la persona propuesta para cada cargo.<\/p>\n<p style=\"text-align: justify;\">Medrano y Salinas tomaron protesta de su cargo durante la sesi\u00f3n que se desarroll\u00f3 en las instalaciones estatales del partido albiazul.<\/p>\n<p style=\"text-align: justify;\">En el comunicado se detall\u00f3 que la renuncia de Guerra con car\u00e1cter de irrevocable al cargo de Presidente del Comit\u00e9 Directivo fue por motivos personales.<\/p>\n<p style=\"text-align: justify;\">Guerra lleg\u00f3 a la dirigencia estatal del PAN en el 2015, luego de ser Secretario General del partido.<\/p>\n<p style=\"text-align: justify;\">fuente: EL NORTE<\/p>\n","protected":false},"excerpt":{"rendered":"<p>Monterrey, M\u00e9xico (18 septiembre 2018).- Ante la renuncia con car\u00e1cter de irrevocable de Mauro Guerra Villarreal a la dirigencia estatal de Acci\u00f3n Nacional, la Comisi\u00f3n Permanente del partido albiazul nombr\u00f3 a Iv\u00e1n Medrano T\u00e9llez como nuevo presidente del Comit\u00e9 Directivo. Adem\u00e1s, Hern\u00e1n Salinas Wolberg fue nombrado secretario general. En un comunicado, el partido se\u00f1al\u00f3 que [&hellip;]<\/p>\n","protected":false},"author":9,"featured_media":3664,"comment_status":"open","ping_status":"closed","sticky":false,"template":"","format":"standard","meta":{"footnotes":""},"categories":[15],"tags":[1311,1695],"class_list":["post-3663","post","type-post","status-publish","format-standard","has-post-thumbnail","hentry","category-estado","tag-ivan-medrano-tellez","tag-pan-nl"],"_links":{"self":[{"href":"https:\/\/laultimapalabra.com.mx\/portal\/wp-json\/wp\/v2\/posts\/3663","targetHints":{"allow":["GET"]}}],"collection":[{"href":"https:\/\/laultimapalabra.com.mx\/portal\/wp-json\/wp\/v2\/posts"}],"about":[{"href":"https:\/\/laultimapalabra.com.mx\/portal\/wp-json\/wp\/v2\/types\/post"}],"author":[{"embeddable":true,"href":"https:\/\/laultimapalabra.com.mx\/portal\/wp-json\/wp\/v2\/users\/9"}],"replies":[{"embeddable":true,"href":"https:\/\/laultimapalabra.com.mx\/portal\/wp-json\/wp\/v2\/comments?post=3663"}],"version-history":[{"count":1,"href":"https:\/\/laultimapalabra.com.mx\/portal\/wp-json\/wp\/v2\/posts\/3663\/revisions"}],"predecessor-version":[{"id":64975,"href":"https:\/\/laultimapalabra.com.mx\/portal\/wp-json\/wp\/v2\/posts\/3663\/revisions\/64975"}],"wp:featuredmedia":[{"embeddable":true,"href":"https:\/\/laultimapalabra.com.mx\/portal\/wp-json\/"}],"wp:attachment":[{"href":"https:\/\/laultimapalabra.com.mx\/portal\/wp-json\/wp\/v2\/media?parent=3663"}],"wp:term":[{"taxonomy":"category","embeddable":true,"href":"https:\/\/laultimapalabra.com.mx\/portal\/wp-json\/wp\/v2\/categories?post=3663"},{"taxonomy":"post_tag","embeddable":true,"href":"https:\/\/laultimapalabra.com.mx\/portal\/wp-json\/wp\/v2\/tags?post=3663"}],"curies":[{"name":"wp","href":"https:\/\/api.w.org\/{rel}","templated":true}]}}