                       {"id":36651,"date":"2023-01-27T15:57:29","date_gmt":"2023-01-27T21:57:29","guid":{"rendered":"https:\/\/laultimapalabra.com.mx\/portal\/?p=36651"},"modified":"2024-12-11T10:40:32","modified_gmt":"2024-12-11T16:40:32","slug":"garcia-luna-conserva-redes-en-la-prensa-fiscalias-y-policias-alerta-santiago-nieto","status":"publish","type":"post","link":"https:\/\/laultimapalabra.com.mx\/portal\/garcia-luna-conserva-redes-en-la-prensa-fiscalias-y-policias-alerta-santiago-nieto\/","title":{"rendered":"Garcia Luna conserva redes en la prensa, fiscalias y polic\u00edas, alerta Santiago Nieto"},"content":{"rendered":"<p>CDMX.- Genaro Garc\u00eda Luna no s\u00f3lo enfrenta acusaciones por v\u00ednculos con el narcotr\u00e1fico, adem\u00e1s tiene otros procesos en M\u00e9xico por uso indebido de atribuciones, facultades, y asociaci\u00f3n delictuosa, as\u00ed como enriquecimiento il\u00edcito e introducci\u00f3n ilegal de armamento, esto \u00faltimo en relaci\u00f3n al caso \u201cR\u00e1pido y Furioso\u201d.<\/p>\n<p>A estos se\u00f1alamientos se suma una demanda civil presentada por la UIF en Miami, Florida, por da\u00f1os en contra de 39 empresas y fideicomisos pertenecientes o en los que participaba Garc\u00eda Luna o sus allegados, un caso por el cual el Gobierno reclama la devoluci\u00f3n de 700 millones de d\u00f3lares.<\/p>\n<p>Genaro Garc\u00eda Luna, el Secretario de Seguridad durante el Gobierno de Felipe Calder\u00f3n Hinojosa (2006-2012), a\u00fan conserva redes de poder en la prensa, en la Fiscal\u00eda General de la Rep\u00fablica (FGR) y en la Secretar\u00eda de Seguridad Ciudadana y tiene los \u201crecursos suficientes\u201d para pagar despachos de abogados en M\u00e9xico y Estados Unidos, alert\u00f3 Santiago Nieto Castillo, extitular de la Unidad de Inteligencia Financiera (UIF).<\/p>\n<p>En entrevista con Los Periodistas, programa que se transmite a trav\u00e9s del canal de YouTube de Sin Embargo Al Aire, Nieto Castillo afirm\u00f3 que la sociedad debe poner especial atenci\u00f3n en el juicio de Garc\u00eda Luna en Estados Unidos \u2014donde es acusado de recibir sobornos por parte de grupos del crimen organizado\u2014 pues personajes que trabajaron con \u00e9l de manera cercana a\u00fan se encuentran vigentes en distintos \u00e1mbitos.<\/p>\n<p>Santiago Nieto Castillo es el actual encargado de la Procuradur\u00eda General de Justicia del estado de Hidalgo.<\/p>\n<p>Santiago Nieto indic\u00f3 que luego de asumir el puesto al frente de la UIF, tras la llegada del Presidente Andr\u00e9s Manuel L\u00f3pez Obrador al poder, pudo constatar que algunas subprocuradur\u00edas de la entonces Procuradur\u00eda General de la Rep\u00fablica (PGR), ahora FGR, a\u00fan est\u00e1n encabezadas por personas que vienen de las administraciones de los expresidentes Felipe Calder\u00f3n Hinojosa y Enrique Pe\u00f1a Nieto.<\/p>\n<p>FUENTE: SIN EMBARGO MX<\/p>\n","protected":false},"excerpt":{"rendered":"<p>CDMX.- Genaro Garc\u00eda Luna no s\u00f3lo enfrenta acusaciones por v\u00ednculos con el narcotr\u00e1fico, adem\u00e1s tiene otros procesos en M\u00e9xico por uso indebido de atribuciones, facultades, y asociaci\u00f3n delictuosa, as\u00ed como enriquecimiento il\u00edcito e introducci\u00f3n ilegal de armamento, esto \u00faltimo en relaci\u00f3n al caso \u201cR\u00e1pido y Furioso\u201d. A estos se\u00f1alamientos se suma una demanda civil presentada [&hellip;]<\/p>\n","protected":false},"author":9,"featured_media":36652,"comment_status":"closed","ping_status":"closed","sticky":false,"template":"","format":"standard","meta":{"footnotes":""},"categories":[19],"tags":[5752,5852,5851,5850],"class_list":["post-36651","post","type-post","status-publish","format-standard","has-post-thumbnail","hentry","category-nacional","tag-garcialuna","tag-juiciodelsiglo","tag-redesdecomplicidad","tag-santiagonieto"],"_links":{"self":[{"href":"https:\/\/laultimapalabra.com.mx\/portal\/wp-json\/wp\/v2\/posts\/36651","targetHints":{"allow":["GET"]}}],"collection":[{"href":"https:\/\/laultimapalabra.com.mx\/portal\/wp-json\/wp\/v2\/posts"}],"about":[{"href":"https:\/\/laultimapalabra.com.mx\/portal\/wp-json\/wp\/v2\/types\/post"}],"author":[{"embeddable":true,"href":"https:\/\/laultimapalabra.com.mx\/portal\/wp-json\/wp\/v2\/users\/9"}],"replies":[{"embeddable":true,"href":"https:\/\/laultimapalabra.com.mx\/portal\/wp-json\/wp\/v2\/comments?post=36651"}],"version-history":[{"count":4,"href":"https:\/\/laultimapalabra.com.mx\/portal\/wp-json\/wp\/v2\/posts\/36651\/revisions"}],"predecessor-version":[{"id":80393,"href":"https:\/\/laultimapalabra.com.mx\/portal\/wp-json\/wp\/v2\/posts\/36651\/revisions\/80393"}],"wp:featuredmedia":[{"embeddable":true,"href":"https:\/\/laultimapalabra.com.mx\/portal\/wp-json\/wp\/v2\/media\/36652"}],"wp:attachment":[{"href":"https:\/\/laultimapalabra.com.mx\/portal\/wp-json\/wp\/v2\/media?parent=36651"}],"wp:term":[{"taxonomy":"category","embeddable":true,"href":"https:\/\/laultimapalabra.com.mx\/portal\/wp-json\/wp\/v2\/categories?post=36651"},{"taxonomy":"post_tag","embeddable":true,"href":"https:\/\/laultimapalabra.com.mx\/portal\/wp-json\/wp\/v2\/tags?post=36651"}],"curies":[{"name":"wp","href":"https:\/\/api.w.org\/{rel}","templated":true}]}}