                       {"id":3666,"date":"2018-09-19T17:50:34","date_gmt":"2018-09-19T17:50:34","guid":{"rendered":"http:\/\/laultimapalabra.info\/?p=3666"},"modified":"2024-12-11T08:37:30","modified_gmt":"2024-12-11T14:37:30","slug":"censuran-opacidad-en-pacto-con-rutas","status":"publish","type":"post","link":"https:\/\/laultimapalabra.com.mx\/portal\/censuran-opacidad-en-pacto-con-rutas\/","title":{"rendered":"Censuran opacidad en pacto con rutas"},"content":{"rendered":"<p style=\"text-align: justify;\"><img loading=\"lazy\" decoding=\"async\" class=\"size-medium wp-image-3667 alignright\" src=\"https:\/\/laultimapalabra.com.mx\/portal\/wp-content\/uploads\/2018\/09\/4196894-300x200.jpg\" alt=\"\" width=\"300\" height=\"200\" \/>Monterrey, N. L.- El Consejo C\u00edvico cuestion\u00f3 ayer que el Consejo Estatal de Transporte y Vialidad (CETyV), luego de tres a\u00f1os sin sesionar, haya aprobado el &#8220;tarifazo&#8221; sin aclarar ni plasmar por escrito a qu\u00e9 se comprometieron los empresarios a cambio del aumento.<\/p>\n<p style=\"text-align: justify;\">En un comunicado, el organismo recalc\u00f3 que el Estado debe hacer valer los compromisos y sancionar a los transportistas que no cumplan, incluso revoc\u00e1ndoles el permiso para operar.<\/p>\n<p style=\"text-align: justify;\">&#8220;Despu\u00e9s de m\u00e1s de 3 a\u00f1os sin sesionar en pleno&#8221;, se recalca en el comunicado, &#8220;el Consejo Estatal de Vialidad y Transporte (CETyV) aprob\u00f3&#8230; la iniciativa del Gobierno estatal en un proceso con poca claridad de los compromisos y acuerdos por parte de los prestadores del servicio, al no plasmarse por escrito en un convenio&#8221;.<\/p>\n<p style=\"text-align: justify;\">Tras el aumento, estableci\u00f3 el Consejo C\u00edvico, debe vigilarse que las unidades obsoletas sean renovadas, eliminar la tarifa en efectivo y elaborar el Programa Integral de Movilidad Urbana Sustentable, entre otras exigencias.<\/p>\n<p style=\"text-align: justify;\">Adem\u00e1s demand\u00f3 tener reuniones trimestrales -por lo menos- para revisar los avances.<\/p>\n<p style=\"text-align: justify;\">El organismo precis\u00f3 que rechaz\u00f3 el incremento a los camiones, pero estuvo a favor del alza a la tarifa del Metro porque requiere mantenimiento.<\/p>\n<p style=\"text-align: justify;\">El CETyV aprob\u00f3 el lunes incrementar las tarifas del transporte p\u00fablico, el Metro y taxis, que en tres a\u00f1os alcanzar\u00e1n hasta el 107 por ciento, pero este aumento debe ser ratificado y publicado por el Gobernador Jaime Rodr\u00edguez para que entre en vigor.<\/p>\n<p style=\"text-align: justify;\">L\u00edderes de organismos civiles, Senadores y Diputados locales exigieron al &#8220;Bronco&#8221; que no apruebe el alza.<\/p>\n<p style=\"text-align: justify;\">&#8220;Que cumpla su promesa de campa\u00f1a&#8221;, expres\u00f3 Gilberto Marcos, presidente de Vertebra.<\/p>\n<p style=\"text-align: justify;\">&#8220;Si autoriza las tarifas ser\u00eda una agresi\u00f3n directa a los ciudadanos, un desprecio absoluto a los derechos de los usuarios y una exhibici\u00f3n p\u00fablica de la falta de seriedad y de palabra del Gobernador&#8221;.<\/p>\n<p style=\"text-align: justify;\">A la petici\u00f3n se unieron Adriana D\u00e1vila, vocera de la Asociaci\u00f3n de Padres de Familia, y Daniel Butruille, de Ciudadanos Contra la Corrupci\u00f3n.<\/p>\n<p style=\"text-align: justify;\">En el Senado de la Rep\u00fablica, a propuesta del panista V\u00edctor Fuentes, se aprob\u00f3 por unanimidad un punto de acuerdo para exhortar al Gobernador a suspender el incremento a las tarifas.<\/p>\n<p style=\"text-align: justify;\">En la sesi\u00f3n, los Senadores de Movimiento Ciudadano, Samuel Garc\u00eda e Indira Kempis, mostraron pancartas con la leyenda #REVERSAALTARIFAZO.<\/p>\n<p style=\"text-align: justify;\">En el Congreso local, por unanimidad los Diputados acordaron pedir al Gobernador que vete el incremento.<\/p>\n<p style=\"text-align: justify;\">FUENTE: EL NORTE<\/p>\n","protected":false},"excerpt":{"rendered":"<p>Monterrey, N. L.- El Consejo C\u00edvico cuestion\u00f3 ayer que el Consejo Estatal de Transporte y Vialidad (CETyV), luego de tres a\u00f1os sin sesionar, haya aprobado el &#8220;tarifazo&#8221; sin aclarar ni plasmar por escrito a qu\u00e9 se comprometieron los empresarios a cambio del aumento. En un comunicado, el organismo recalc\u00f3 que el Estado debe hacer valer [&hellip;]<\/p>\n","protected":false},"author":9,"featured_media":3667,"comment_status":"open","ping_status":"closed","sticky":false,"template":"","format":"standard","meta":{"footnotes":""},"categories":[15],"tags":[233,1317],"class_list":["post-3666","post","type-post","status-publish","format-standard","has-post-thumbnail","hentry","category-estado","tag-aumento-en-transporte","tag-jaime-rodriguez-calderon"],"_links":{"self":[{"href":"https:\/\/laultimapalabra.com.mx\/portal\/wp-json\/wp\/v2\/posts\/3666","targetHints":{"allow":["GET"]}}],"collection":[{"href":"https:\/\/laultimapalabra.com.mx\/portal\/wp-json\/wp\/v2\/posts"}],"about":[{"href":"https:\/\/laultimapalabra.com.mx\/portal\/wp-json\/wp\/v2\/types\/post"}],"author":[{"embeddable":true,"href":"https:\/\/laultimapalabra.com.mx\/portal\/wp-json\/wp\/v2\/users\/9"}],"replies":[{"embeddable":true,"href":"https:\/\/laultimapalabra.com.mx\/portal\/wp-json\/wp\/v2\/comments?post=3666"}],"version-history":[{"count":1,"href":"https:\/\/laultimapalabra.com.mx\/portal\/wp-json\/wp\/v2\/posts\/3666\/revisions"}],"predecessor-version":[{"id":64977,"href":"https:\/\/laultimapalabra.com.mx\/portal\/wp-json\/wp\/v2\/posts\/3666\/revisions\/64977"}],"wp:featuredmedia":[{"embeddable":true,"href":"https:\/\/laultimapalabra.com.mx\/portal\/wp-json\/"}],"wp:attachment":[{"href":"https:\/\/laultimapalabra.com.mx\/portal\/wp-json\/wp\/v2\/media?parent=3666"}],"wp:term":[{"taxonomy":"category","embeddable":true,"href":"https:\/\/laultimapalabra.com.mx\/portal\/wp-json\/wp\/v2\/categories?post=3666"},{"taxonomy":"post_tag","embeddable":true,"href":"https:\/\/laultimapalabra.com.mx\/portal\/wp-json\/wp\/v2\/tags?post=3666"}],"curies":[{"name":"wp","href":"https:\/\/api.w.org\/{rel}","templated":true}]}}